{"id":48527,"date":"2026-09-06T14:15:27","date_gmt":"2026-09-06T14:15:27","guid":{"rendered":"https:\/\/www.matizando.com.ar\/?p=48527"},"modified":"2026-09-06T14:15:33","modified_gmt":"2026-09-06T14:15:33","slug":"que-paso-con-max-bus-perteneciente-a-anguely-s-r-l","status":"publish","type":"post","link":"https:\/\/www.matizando.com.ar\/?p=48527","title":{"rendered":"Qu\u00e9 Paso con Max Bus, perteneciente a Anguely S.R.L."},"content":{"rendered":"<p data-path-to-node=\"0\">Una jornada que promet\u00eda ser inolvidable para 56 padres y familiares riojanos se transform\u00f3 en una verdadera odisea. El grupo, integrado por residentes de La Rioja Capital, Chilecito, Aimogasta, Patqu\u00eda, Chamical y Olta, viajaba hacia la VI Brigada A\u00e9rea de Tandil para acompa\u00f1ar la graduaci\u00f3n de sus hijos como soldados voluntarios de la Fuerza A\u00e9rea Argentina, pero termin\u00f3 denunciando graves irregularidades contra la empresa contratada.<\/p>\n<p data-path-to-node=\"1\">El contingente contrat\u00f3 el servicio de la firma Max Bus, perteneciente a Anguely S.R.L. De acuerdo con el testimonio de los afectados, la unidad deb\u00eda recoger pasajeros en Chamical el jueves a las 11:30, pero arrib\u00f3 con varias horas de demora y parti\u00f3 cerca de las 17:00. Este retraso provoc\u00f3 que el colectivo llegara a destino reci\u00e9n a las 12:00 del viernes, cuando el acto central estaba previsto para las 09:00. Si bien las autoridades militares tuvieron la consideraci\u00f3n de aguardar al contingente, la demora impidi\u00f3 que las familias vivieran plenamente el emotivo momento.<\/p>\n<p data-path-to-node=\"2\"><b data-path-to-node=\"2\" data-index-in-node=\"0\">Un regreso cr\u00edtico<\/b><\/p>\n<p data-path-to-node=\"3\">El trayecto de vuelta mantuvo la misma t\u00f3nica de complicaciones. Tras salir de Tandil a las 22:00 del viernes, la unidad arrib\u00f3 a Chamical 24 horas despu\u00e9s. Durante el camino, el veh\u00edculo sufri\u00f3 desperfectos mec\u00e1nicos y qued\u00f3 varado a la altura de Cruz del Eje. Los pasajeros debieron esperar a la vera de la ruta durante horas, expuestos a bajas temperaturas y sin calefacci\u00f3n.<\/p>\n<p data-path-to-node=\"4\">En el grupo viajaban adultos mayores, personas con afecciones de salud, pacientes insulinodependientes y un beb\u00e9. Se registraron descompensaciones y momentos de tensi\u00f3n. Seg\u00fan remarcaron los denunciantes, el responsable de la firma interrumpi\u00f3 la comunicaci\u00f3n, bloque\u00f3 los tel\u00e9fonos y dej\u00f3 a los propios choferes sin herramientas ni auxilio para solucionar las fallas t\u00e9cnicas.<\/p>\n<p data-path-to-node=\"5\"><b data-path-to-node=\"5\" data-index-in-node=\"0\">Pedido de investigaci\u00f3n<\/b><\/p>\n<p data-path-to-node=\"6\">Las familias denunciaron adem\u00e1s que la unidad no habr\u00eda partido desde las d\u00e1rsenas de la Terminal de \u00d3mnibus de La Rioja ni ingresado a la de Chamical, lo que habr\u00eda evitado el registro formal del viaje ante la Secretar\u00eda de Transporte de la Provincia.<\/p>\n<p data-path-to-node=\"7\">Ante esta situaci\u00f3n, los 56 afectados solicitaron p\u00fablicamente la intervenci\u00f3n de las autoridades provinciales y de los organismos de control para determinar si la empresa contaba con las habilitaciones, inspecciones mec\u00e1nicas y seguros reglamentarios. Asimismo, analizan iniciar acciones legales por incumplimiento contractual y da\u00f1os y perjuicios, remarcando que el reclamo no pasa solo por lo econ\u00f3mico, sino por el abandono, el riesgo sufrido y el momento irreparable que no pudieron disfrutar.<\/p>\n<p data-path-to-node=\"8\">La Redacci\u00f3n: <a class=\"ng-star-inserted\" href=\"https:\/\/www.Matizando.com?utm_source=gemini\" target=\"_blank\" rel=\"noopener\" data-hveid=\"0\" data-ved=\"0CAAQ_4QMahcKEwjCyJW2jNqWAxUAAAAAHQAAAAAQJQ\">www.Matizando.com<\/a>.ar resguarda el derecho a replica para los mencionados en el articulo<\/p>\n<p data-path-to-node=\"8\">Correo: prensalarioja@yahoo.com.ar<\/p>\n<p data-path-to-node=\"8\">Portales Asociados: <a class=\"ng-star-inserted\" href=\"https:\/\/www.AldoPortugal.com?utm_source=gemini\" target=\"_blank\" rel=\"noopener\" data-hveid=\"0\" data-ved=\"0CAAQ_4QMahcKEwjCyJW2jNqWAxUAAAAAHQAAAAAQJg\">www.AldoPortugal.com<\/a>.ar &#8211; <a class=\"ng-star-inserted\" href=\"https:\/\/www.LaRiojaChayera.com?utm_source=gemini\" target=\"_blank\" rel=\"noopener\" data-hveid=\"0\" data-ved=\"0CAAQ_4QMahcKEwjCyJW2jNqWAxUAAAAAHQAAAAAQJw\">www.LaRiojaChayera.com<\/a>.ar<\/p>\n<p data-path-to-node=\"8\">Canal de YouTube: @AldoPortugal24<\/p>\n","protected":false},"excerpt":{"rendered":"<p>Una jornada que promet\u00eda ser inolvidable para 56 padres y familiares riojanos se transform\u00f3 en&#8230;<\/p>\n","protected":false},"author":1,"featured_media":48528,"comment_status":"closed","ping_status":"closed","sticky":true,"template":"","format":"standard","meta":{"ngg_post_thumbnail":0,"footnotes":""},"categories":[5,1,3],"tags":[],"_links":{"self":[{"href":"https:\/\/www.matizando.com.ar\/index.php?rest_route=\/wp\/v2\/posts\/48527"}],"collection":[{"href":"https:\/\/www.matizando.com.ar\/index.php?rest_route=\/wp\/v2\/posts"}],"about":[{"href":"https:\/\/www.matizando.com.ar\/index.php?rest_route=\/wp\/v2\/types\/post"}],"author":[{"embeddable":true,"href":"https:\/\/www.matizando.com.ar\/index.php?rest_route=\/wp\/v2\/users\/1"}],"replies":[{"embeddable":true,"href":"https:\/\/www.matizando.com.ar\/index.php?rest_route=%2Fwp%2Fv2%2Fcomments&post=48527"}],"version-history":[{"count":1,"href":"https:\/\/www.matizando.com.ar\/index.php?rest_route=\/wp\/v2\/posts\/48527\/revisions"}],"predecessor-version":[{"id":48529,"href":"https:\/\/www.matizando.com.ar\/index.php?rest_route=\/wp\/v2\/posts\/48527\/revisions\/48529"}],"wp:featuredmedia":[{"embeddable":true,"href":"https:\/\/www.matizando.com.ar\/index.php?rest_route=\/wp\/v2\/media\/48528"}],"wp:attachment":[{"href":"https:\/\/www.matizando.com.ar\/index.php?rest_route=%2Fwp%2Fv2%2Fmedia&parent=48527"}],"wp:term":[{"taxonomy":"category","embeddable":true,"href":"https:\/\/www.matizando.com.ar\/index.php?rest_route=%2Fwp%2Fv2%2Fcategories&post=48527"},{"taxonomy":"post_tag","embeddable":true,"href":"https:\/\/www.matizando.com.ar\/index.php?rest_route=%2Fwp%2Fv2%2Ftags&post=48527"}],"curies":[{"name":"wp","href":"https:\/\/api.w.org\/{rel}","templated":true}]}}