{"id":48520,"date":"2026-09-06T13:16:09","date_gmt":"2026-09-06T13:16:09","guid":{"rendered":"https:\/\/www.matizando.com.ar\/?p=48520"},"modified":"2026-09-06T13:21:25","modified_gmt":"2026-09-06T13:21:25","slug":"gral-lamadrid-3","status":"publish","type":"post","link":"https:\/\/www.matizando.com.ar\/?p=48520","title":{"rendered":"Gral. Lamadrid"},"content":{"rendered":"<p data-path-to-node=\"0\"><b data-path-to-node=\"0\" data-index-in-node=\"0\">La Secretar\u00eda de Miner\u00eda de General Lamadrid impulsa nueva b\u00fasqueda laboral para la temporada<\/b><\/p>\n<p data-path-to-node=\"1\"><b data-path-to-node=\"1\" data-index-in-node=\"0\">VILLA CASTELLI (Especial).-<\/b> En el marco de las acciones destinadas a promover el empleo local, la Secretar\u00eda de Miner\u00eda de la Municipalidad del Departamento General Lamadrid difundi\u00f3 una convocatoria laboral abierta por la empresa Nielsen Log\u00edstica y Expediciones para cubrir diversos puestos de cara a la pr\u00f3xima temporada.<\/p>\n<p data-path-to-node=\"2\">Los interesados en postularse a los perfiles requeridos deben enviar su Curr\u00edculum Vitae directamente al correo electr\u00f3nico de la compa\u00f1\u00eda: rh@nielsenexpediciones.com.ar.<\/p>\n<p data-path-to-node=\"3\">Asimismo, desde la Secretar\u00eda de Miner\u00eda del municipio informaron que brindan asistencia y asesoramiento t\u00e9cnico para la elaboraci\u00f3n adecuada del CV. Las personas que lo deseen tambi\u00e9n pueden registrar su perfil en la base de datos laboral que la repartici\u00f3n mantiene en funcionamiento desde noviembre del a\u00f1o pasado.<\/p>\n<p data-path-to-node=\"4\">Las consultas e informes presenciales se reciben en la sede de la Secretar\u00eda de Miner\u00eda en Villa Castelli, de lunes a viernes en el horario de 08:30 a 13:00.<\/p>\n<p data-path-to-node=\"5\">Redacci\u00f3n: <a class=\"ng-star-inserted\" href=\"https:\/\/www.Matizando.com?utm_source=gemini\" target=\"_blank\" rel=\"noopener\" data-hveid=\"0\" data-ved=\"0CAAQ_4QMahgKEwiCyq-p-tmWAxUAAAAAHQAAAAAQ0QE\">www.Matizando.com<\/a>.ar<\/p>\n<p data-path-to-node=\"6\">Correo: prensalarioja@yahoo.com.ar<\/p>\n<p data-path-to-node=\"7\">Portales Asociados: <a class=\"ng-star-inserted\" href=\"https:\/\/www.AldoPortugal.com?utm_source=gemini\" target=\"_blank\" rel=\"noopener\" data-hveid=\"0\" data-ved=\"0CAAQ_4QMahgKEwiCyq-p-tmWAxUAAAAAHQAAAAAQ0gE\">www.AldoPortugal.com<\/a>.ar &#8211; <a class=\"ng-star-inserted\" href=\"https:\/\/www.LaRiojaChayera.com?utm_source=gemini\" target=\"_blank\" rel=\"noopener\" data-hveid=\"0\" data-ved=\"0CAAQ_4QMahgKEwiCyq-p-tmWAxUAAAAAHQAAAAAQ0wE\">www.LaRiojaChayera.com<\/a>.ar<\/p>\n<p data-path-to-node=\"8\">Canal de YouTube: @AldoPortugal24<\/p>\n","protected":false},"excerpt":{"rendered":"<p>La Secretar\u00eda de Miner\u00eda de General Lamadrid impulsa nueva b\u00fasqueda laboral para la temporada VILLA&#8230;<\/p>\n","protected":false},"author":1,"featured_media":48521,"comment_status":"closed","ping_status":"closed","sticky":true,"template":"","format":"standard","meta":{"ngg_post_thumbnail":0,"footnotes":""},"categories":[1,4],"tags":[],"_links":{"self":[{"href":"https:\/\/www.matizando.com.ar\/index.php?rest_route=\/wp\/v2\/posts\/48520"}],"collection":[{"href":"https:\/\/www.matizando.com.ar\/index.php?rest_route=\/wp\/v2\/posts"}],"about":[{"href":"https:\/\/www.matizando.com.ar\/index.php?rest_route=\/wp\/v2\/types\/post"}],"author":[{"embeddable":true,"href":"https:\/\/www.matizando.com.ar\/index.php?rest_route=\/wp\/v2\/users\/1"}],"replies":[{"embeddable":true,"href":"https:\/\/www.matizando.com.ar\/index.php?rest_route=%2Fwp%2Fv2%2Fcomments&post=48520"}],"version-history":[{"count":1,"href":"https:\/\/www.matizando.com.ar\/index.php?rest_route=\/wp\/v2\/posts\/48520\/revisions"}],"predecessor-version":[{"id":48522,"href":"https:\/\/www.matizando.com.ar\/index.php?rest_route=\/wp\/v2\/posts\/48520\/revisions\/48522"}],"wp:featuredmedia":[{"embeddable":true,"href":"https:\/\/www.matizando.com.ar\/index.php?rest_route=\/wp\/v2\/media\/48521"}],"wp:attachment":[{"href":"https:\/\/www.matizando.com.ar\/index.php?rest_route=%2Fwp%2Fv2%2Fmedia&parent=48520"}],"wp:term":[{"taxonomy":"category","embeddable":true,"href":"https:\/\/www.matizando.com.ar\/index.php?rest_route=%2Fwp%2Fv2%2Fcategories&post=48520"},{"taxonomy":"post_tag","embeddable":true,"href":"https:\/\/www.matizando.com.ar\/index.php?rest_route=%2Fwp%2Fv2%2Ftags&post=48520"}],"curies":[{"name":"wp","href":"https:\/\/api.w.org\/{rel}","templated":true}]}}