{"id":48502,"date":"2026-09-06T12:31:02","date_gmt":"2026-09-06T12:31:02","guid":{"rendered":"https:\/\/www.matizando.com.ar\/?p=48502"},"modified":"2026-09-06T12:31:13","modified_gmt":"2026-09-06T12:31:13","slug":"delegacion-de-sipos-la-rioja-dice-presente-en-las-olimpiadas-sanitaristas-catamarca-2026","status":"publish","type":"post","link":"https:\/\/www.matizando.com.ar\/?p=48502","title":{"rendered":"Delegaci\u00f3n de SIPOS La Rioja dice presente en las Olimpiadas Sanitaristas Catamarca 2026"},"content":{"rendered":"<p data-path-to-node=\"1\">Con&nbsp; entusiasmo, esp\u00edritu de camarader\u00eda y un marcado sentido de integraci\u00f3n regional, la delegaci\u00f3n del Sindicato del Personal de Obras Sanitarias (SIPOS) La Rioja ya se encuentra participando activamente en una nueva edici\u00f3n de las Olimpiadas Sanitaristas 2026, que tienen como sede la vecina provincia de Catamarca.<\/p>\n<p data-path-to-node=\"2\">El encuentro re\u00fane a trabajadores sanitaristas de diversos puntos del Noroeste Argentino (NOA) para compartir jornadas donde el deporte y la recreaci\u00f3n funcionan como el escenario principal para reforzar v\u00ednculos laborales y sindicales.<\/p>\n<p data-path-to-node=\"3\">Desde la representaci\u00f3n gremial destacaron la importancia de promover estos espacios que trascienden lo meramente competitivo, priorizando la integraci\u00f3n, el compa\u00f1erismo y el fortalecimiento de lazos de amistad entre los trabajadores de la regi\u00f3n.<\/p>\n<p data-path-to-node=\"4\">Durante las actividades previstas, la delegaci\u00f3n riojana participar\u00e1 en distintas disciplinas deportivas y actividades de convivencia, llevando la representaci\u00f3n provincial a este importante encuentro regional del sector sanitarista.<\/p>\n<p data-path-to-node=\"5\">Redacci\u00f3n: <a class=\"ng-star-inserted\" href=\"https:\/\/www.Matizando.com?utm_source=gemini\" target=\"_blank\" rel=\"noopener\" data-hveid=\"0\" data-ved=\"0CAAQ_4QMahcKEwiCyq-p-tmWAxUAAAAAHQAAAAAQKw\">www.Matizando.com<\/a>.ar<\/p>\n<p data-path-to-node=\"6\">Correo: prensalarioja@yahoo.com.ar<\/p>\n<p data-path-to-node=\"7\">Portales Asociados: <a class=\"ng-star-inserted\" href=\"https:\/\/www.AldoPortugal.com?utm_source=gemini\" target=\"_blank\" rel=\"noopener\" data-hveid=\"0\" data-ved=\"0CAAQ_4QMahcKEwiCyq-p-tmWAxUAAAAAHQAAAAAQLA\">www.AldoPortugal.com<\/a>.ar &#8211; <a class=\"ng-star-inserted\" href=\"https:\/\/www.LaRiojaChayera.com?utm_source=gemini\" target=\"_blank\" rel=\"noopener\" data-hveid=\"0\" data-ved=\"0CAAQ_4QMahcKEwiCyq-p-tmWAxUAAAAAHQAAAAAQLQ\">www.LaRiojaChayera.com<\/a>.ar<\/p>\n<p data-path-to-node=\"8\">Canal de YouTube: @AldoPortugal24<\/p>\n","protected":false},"excerpt":{"rendered":"<p>Con&nbsp; entusiasmo, esp\u00edritu de camarader\u00eda y un marcado sentido de integraci\u00f3n regional, la delegaci\u00f3n del&#8230;<\/p>\n","protected":false},"author":1,"featured_media":48503,"comment_status":"closed","ping_status":"closed","sticky":true,"template":"","format":"standard","meta":{"ngg_post_thumbnail":0,"footnotes":""},"categories":[1,3],"tags":[],"_links":{"self":[{"href":"https:\/\/www.matizando.com.ar\/index.php?rest_route=\/wp\/v2\/posts\/48502"}],"collection":[{"href":"https:\/\/www.matizando.com.ar\/index.php?rest_route=\/wp\/v2\/posts"}],"about":[{"href":"https:\/\/www.matizando.com.ar\/index.php?rest_route=\/wp\/v2\/types\/post"}],"author":[{"embeddable":true,"href":"https:\/\/www.matizando.com.ar\/index.php?rest_route=\/wp\/v2\/users\/1"}],"replies":[{"embeddable":true,"href":"https:\/\/www.matizando.com.ar\/index.php?rest_route=%2Fwp%2Fv2%2Fcomments&post=48502"}],"version-history":[{"count":1,"href":"https:\/\/www.matizando.com.ar\/index.php?rest_route=\/wp\/v2\/posts\/48502\/revisions"}],"predecessor-version":[{"id":48504,"href":"https:\/\/www.matizando.com.ar\/index.php?rest_route=\/wp\/v2\/posts\/48502\/revisions\/48504"}],"wp:featuredmedia":[{"embeddable":true,"href":"https:\/\/www.matizando.com.ar\/index.php?rest_route=\/wp\/v2\/media\/48503"}],"wp:attachment":[{"href":"https:\/\/www.matizando.com.ar\/index.php?rest_route=%2Fwp%2Fv2%2Fmedia&parent=48502"}],"wp:term":[{"taxonomy":"category","embeddable":true,"href":"https:\/\/www.matizando.com.ar\/index.php?rest_route=%2Fwp%2Fv2%2Fcategories&post=48502"},{"taxonomy":"post_tag","embeddable":true,"href":"https:\/\/www.matizando.com.ar\/index.php?rest_route=%2Fwp%2Fv2%2Ftags&post=48502"}],"curies":[{"name":"wp","href":"https:\/\/api.w.org\/{rel}","templated":true}]}}