{"id":48488,"date":"2026-09-04T22:04:28","date_gmt":"2026-09-04T22:04:28","guid":{"rendered":"https:\/\/www.matizando.com.ar\/?p=48488"},"modified":"2026-09-04T22:05:18","modified_gmt":"2026-09-04T22:05:18","slug":"salud-presento-un-manual-de-funciones-para-trabajadores-sociales-de-los-caps","status":"publish","type":"post","link":"https:\/\/www.matizando.com.ar\/?p=48488","title":{"rendered":"Salud present\u00f3 un manual de funciones para trabajadores sociales de los CAPS"},"content":{"rendered":"<p data-path-to-node=\"1\">El Ministerio de Salud elabor\u00f3 un documento colectiva con profesionales de Capital e interior. La gu\u00eda unifica criterios de actuaci\u00f3n, protocolos de gesti\u00f3n y trabajo interdisciplinario.<\/p>\n<p data-path-to-node=\"2\">El Ministerio de Salud de La Rioja present\u00f3 el Manual de Roles y Funciones de los Trabajadores Sociales del Primer Nivel de Atenci\u00f3n, un instrumento institucional dise\u00f1ado para estandarizar las pr\u00e1cticas socio-sanitarias en los Centros de Atenci\u00f3n Primaria de la Salud (CAPS). La gu\u00eda fue confeccionada con el aporte directo de profesionales de la Capital y del interior provincial.<\/p>\n<p data-path-to-node=\"3\">El documento normativo establece competencias espec\u00edficas, encuadres \u00e9ticos, protocolos de intervenci\u00f3n ante contingencias, sistemas de registro y metodolog\u00edas de gesti\u00f3n. La iniciativa busca unificar criterios te\u00f3ricos y operativos en todo el territorio, adem\u00e1s de consolidar la articulaci\u00f3n entre el trabajo social y las distintas \u00e1reas que integran los equipos interdisciplinarios de salud p\u00fablica.<\/p>\n<p data-path-to-node=\"4\">El acto de presentaci\u00f3n estuvo encabezado por el ministro de Salud, Juan Carlos Vergara, acompa\u00f1ado por la coordinadora del Plan Provincial de Salud, Romina Cuello, y la subsecretaria Eliana Alem. Vergara enfatiz\u00f3 que la estructuraci\u00f3n de los equipos de atenci\u00f3n primaria constituye un eje central de la pol\u00edtica sanitaria riojana para garantizar la medici\u00f3n de resultados y mejorar la calidad prestacional.<\/p>\n<p data-path-to-node=\"5\">Con esta incorporaci\u00f3n al Plan Provincial de Salud, el Estado busca ordenar la funci\u00f3n comunitaria del trabajador social como nexo entre los usuarios y el sistema sanitario, asegurando una perspectiva de derechos en la contenci\u00f3n de las familias.<\/p>\n<p data-path-to-node=\"7\">Redacci\u00f3n: <a class=\"ng-star-inserted\" href=\"https:\/\/www.Matizando.com\" target=\"_blank\" rel=\"noopener\" data-hveid=\"0\" data-ved=\"0CAAQ_4QMahgKEwizm5_a8dWWAxUAAAAAHQAAAAAQkQE\">www.Matizando.com<\/a>.ar<\/p>\n<p data-path-to-node=\"7\">Correo: prensalarioja@yahoo.com.ar<\/p>\n<p data-path-to-node=\"7\">Portales Asociados: <a class=\"ng-star-inserted\" href=\"https:\/\/www.AldoPortugal.com\" target=\"_blank\" rel=\"noopener\" data-hveid=\"0\" data-ved=\"0CAAQ_4QMahgKEwizm5_a8dWWAxUAAAAAHQAAAAAQkgE\">www.AldoPortugal.com<\/a>.ar &#8211; <a class=\"ng-star-inserted\" href=\"https:\/\/www.LaRiojaChayera.com\" target=\"_blank\" rel=\"noopener\" data-hveid=\"0\" data-ved=\"0CAAQ_4QMahgKEwizm5_a8dWWAxUAAAAAHQAAAAAQkwE\">www.LaRiojaChayera.com<\/a>.ar<\/p>\n<p data-path-to-node=\"7\">Canal de YouTube: @AldoPortugal24<\/p>\n","protected":false},"excerpt":{"rendered":"<p>El Ministerio de Salud elabor\u00f3 un documento colectiva con profesionales de Capital e interior. La&#8230;<\/p>\n","protected":false},"author":1,"featured_media":48489,"comment_status":"closed","ping_status":"closed","sticky":true,"template":"","format":"standard","meta":{"ngg_post_thumbnail":0,"footnotes":""},"categories":[1,3],"tags":[],"_links":{"self":[{"href":"https:\/\/www.matizando.com.ar\/index.php?rest_route=\/wp\/v2\/posts\/48488"}],"collection":[{"href":"https:\/\/www.matizando.com.ar\/index.php?rest_route=\/wp\/v2\/posts"}],"about":[{"href":"https:\/\/www.matizando.com.ar\/index.php?rest_route=\/wp\/v2\/types\/post"}],"author":[{"embeddable":true,"href":"https:\/\/www.matizando.com.ar\/index.php?rest_route=\/wp\/v2\/users\/1"}],"replies":[{"embeddable":true,"href":"https:\/\/www.matizando.com.ar\/index.php?rest_route=%2Fwp%2Fv2%2Fcomments&post=48488"}],"version-history":[{"count":1,"href":"https:\/\/www.matizando.com.ar\/index.php?rest_route=\/wp\/v2\/posts\/48488\/revisions"}],"predecessor-version":[{"id":48490,"href":"https:\/\/www.matizando.com.ar\/index.php?rest_route=\/wp\/v2\/posts\/48488\/revisions\/48490"}],"wp:featuredmedia":[{"embeddable":true,"href":"https:\/\/www.matizando.com.ar\/index.php?rest_route=\/wp\/v2\/media\/48489"}],"wp:attachment":[{"href":"https:\/\/www.matizando.com.ar\/index.php?rest_route=%2Fwp%2Fv2%2Fmedia&parent=48488"}],"wp:term":[{"taxonomy":"category","embeddable":true,"href":"https:\/\/www.matizando.com.ar\/index.php?rest_route=%2Fwp%2Fv2%2Fcategories&post=48488"},{"taxonomy":"post_tag","embeddable":true,"href":"https:\/\/www.matizando.com.ar\/index.php?rest_route=%2Fwp%2Fv2%2Ftags&post=48488"}],"curies":[{"name":"wp","href":"https:\/\/api.w.org\/{rel}","templated":true}]}}