{"id":48474,"date":"2026-09-04T12:44:11","date_gmt":"2026-09-04T12:44:11","guid":{"rendered":"https:\/\/www.matizando.com.ar\/?p=48474"},"modified":"2026-09-04T12:51:03","modified_gmt":"2026-09-04T12:51:03","slug":"clima-fin-de-semana-frio","status":"publish","type":"post","link":"https:\/\/www.matizando.com.ar\/?p=48474","title":{"rendered":"Clima: Fin de semana frio"},"content":{"rendered":"<p id=\"p-rc_23885597a6515add-22\" data-path-to-node=\"0\"><span class=\"citation-19 citation-end-19\">El fin de semana en La Rioja se presentar\u00e1 con marcado contraste t\u00e9rmico, comenzando con condiciones agradables para luego dar paso a un notable descenso de la temperatura impulsado por el ingreso de un frente fr\u00edo.<\/span><\/p>\n<p id=\"p-rc_23885597a6515add-23\" data-path-to-node=\"1\"><span class=\"citation-18 citation-end-18\">Para el s\u00e1bado se aguarda una jornada templada y mayormente soleada en la Capital y zonas aleda\u00f1as.<\/span> La m\u00ednima se ubicar\u00e1 en torno a los 7\u00b0C a 10\u00b0C en las primeras horas, mientras que la m\u00e1xima alcanzar\u00e1 los 20\u00b0C a 22\u00b0C hacia la tarde. El ambiente se mantendr\u00e1 seco, registrando una humedad baja ideal para desarrollar actividades al aire libre, aunque hacia la noche comenzar\u00e1 a sentirse la rotaci\u00f3n del viento desde el sector sur, con r\u00e1fagas moderadas.<\/p>\n<p id=\"p-rc_23885597a6515add-24\" data-path-to-node=\"2\">El domingo marcar\u00e1 un cambio dr\u00e1stico en las condiciones meteorol\u00f3gicas. <span class=\"citation-17 citation-end-17\">Se espera un descenso significativo en las marcas t\u00e9rmicas, donde la m\u00e1xima apenas llegar\u00e1 a los 13\u00b0C y la m\u00ednima descender\u00e1 a los 5\u00b0C.<\/span> <span class=\"citation-16 citation-end-16\">La cobertura nubosa se incrementar\u00e1 considerablemente durante la ma\u00f1ana, acompa\u00f1ada por un aumento de la humedad y leves probabilidades de lloviznas dispersas.<\/span> <span class=\"citation-15 citation-end-15\">A lo largo de la tarde, el cielo tender\u00e1 a despejarse parcialmente, manteniendo un ambiente fr\u00edo y ventoso.<\/span><\/p>\n<p data-path-to-node=\"3\">Se recomienda a la poblaci\u00f3n tomar los recaudos necesarios ante la amplitud t\u00e9rmica del fin de semana, principalmente considerando el importante descenso de la temperatura previsto para la jornada dominical.<\/p>\n<p data-path-to-node=\"4\">Redacci\u00f3n: <a class=\"ng-star-inserted\" href=\"https:\/\/www.matizando.com\/?utm_source=gemini\" target=\"_blank\" rel=\"noopener\" data-hveid=\"0\" data-ved=\"0CAAQ_4QMahcKEwiN7cLJ-NSWAxUAAAAAHQAAAAAQKQ\">www.Matizando.com<\/a>.ar<\/p>\n<p data-path-to-node=\"4\">Correo: prensalarioja@yahoo.com.ar<\/p>\n<p data-path-to-node=\"4\">Portales Asociados: <a class=\"ng-star-inserted\" href=\"https:\/\/www.aldoportugal.com\/?utm_source=gemini\" target=\"_blank\" rel=\"noopener\" data-hveid=\"0\" data-ved=\"0CAAQ_4QMahcKEwiN7cLJ-NSWAxUAAAAAHQAAAAAQKg\">www.AldoPortugal.com<\/a>.ar &#8211; <a class=\"ng-star-inserted\" href=\"https:\/\/www.lariojachayera.com\/?utm_source=gemini\" target=\"_blank\" rel=\"noopener\" data-hveid=\"0\" data-ved=\"0CAAQ_4QMahcKEwiN7cLJ-NSWAxUAAAAAHQAAAAAQKw\">www.LaRiojaChayera.com<\/a>.ar<\/p>\n<p data-path-to-node=\"4\">Canal de YouTube: @AldoPortugal24<\/p>\n","protected":false},"excerpt":{"rendered":"<p>El fin de semana en La Rioja se presentar\u00e1 con marcado contraste t\u00e9rmico, comenzando con&#8230;<\/p>\n","protected":false},"author":1,"featured_media":34323,"comment_status":"closed","ping_status":"closed","sticky":true,"template":"","format":"standard","meta":{"ngg_post_thumbnail":0,"footnotes":""},"categories":[1,3],"tags":[],"_links":{"self":[{"href":"https:\/\/www.matizando.com.ar\/index.php?rest_route=\/wp\/v2\/posts\/48474"}],"collection":[{"href":"https:\/\/www.matizando.com.ar\/index.php?rest_route=\/wp\/v2\/posts"}],"about":[{"href":"https:\/\/www.matizando.com.ar\/index.php?rest_route=\/wp\/v2\/types\/post"}],"author":[{"embeddable":true,"href":"https:\/\/www.matizando.com.ar\/index.php?rest_route=\/wp\/v2\/users\/1"}],"replies":[{"embeddable":true,"href":"https:\/\/www.matizando.com.ar\/index.php?rest_route=%2Fwp%2Fv2%2Fcomments&post=48474"}],"version-history":[{"count":1,"href":"https:\/\/www.matizando.com.ar\/index.php?rest_route=\/wp\/v2\/posts\/48474\/revisions"}],"predecessor-version":[{"id":48475,"href":"https:\/\/www.matizando.com.ar\/index.php?rest_route=\/wp\/v2\/posts\/48474\/revisions\/48475"}],"wp:featuredmedia":[{"embeddable":true,"href":"https:\/\/www.matizando.com.ar\/index.php?rest_route=\/wp\/v2\/media\/34323"}],"wp:attachment":[{"href":"https:\/\/www.matizando.com.ar\/index.php?rest_route=%2Fwp%2Fv2%2Fmedia&parent=48474"}],"wp:term":[{"taxonomy":"category","embeddable":true,"href":"https:\/\/www.matizando.com.ar\/index.php?rest_route=%2Fwp%2Fv2%2Fcategories&post=48474"},{"taxonomy":"post_tag","embeddable":true,"href":"https:\/\/www.matizando.com.ar\/index.php?rest_route=%2Fwp%2Fv2%2Ftags&post=48474"}],"curies":[{"name":"wp","href":"https:\/\/api.w.org\/{rel}","templated":true}]}}