{"id":48467,"date":"2026-09-04T00:30:12","date_gmt":"2026-09-04T00:30:12","guid":{"rendered":"https:\/\/www.matizando.com.ar\/?p=48467"},"modified":"2026-09-04T00:30:18","modified_gmt":"2026-09-04T00:30:18","slug":"el-colegio-n-o-1-es-finalista-nacional-del-concurso-suenos-de-radio","status":"publish","type":"post","link":"https:\/\/www.matizando.com.ar\/?p=48467","title":{"rendered":"El Colegio N.\u00ba 1 es finalista nacional del concurso Sue\u00f1os de Radio"},"content":{"rendered":"<p data-path-to-node=\"1\">El proyecto \u00abLa voz de los j\u00f3venes\u00bb representar\u00e1 a La Rioja el 5 de octubre en C\u00f3rdoba. El concurso escolar convoc\u00f3 a m\u00e1s de 11.000 estudiantes de todo el pa\u00eds.<\/p>\n<p data-path-to-node=\"2\">Estudiantes del \u00faltimo a\u00f1o del Colegio Provincial N.\u00b0 1 \u00abJoaqu\u00edn V. Gonz\u00e1lez\u00bb de la Capital lograron la clasificaci\u00f3n a la final nacional del certamen de comunicaci\u00f3n escolar Sue\u00f1os de Radio 2026, organizado por Cadena 3 Argentina. La propuesta local, titulada \u00abLa voz de los j\u00f3venes\u00bb, qued\u00f3 seleccionada entre los tres mejores proyectos del pa\u00eds dentro de la categor\u00eda Periodismo, en una edici\u00f3n que reuni\u00f3 a 400 instituciones educativas p\u00fablicas y privadas.<\/p>\n<p data-path-to-node=\"3\">La producci\u00f3n riojana aborda aspectos de la identidad cultural y el turismo provincial mediante un proceso de investigaci\u00f3n centrado en la Reserva Provincial Laguna Brava y las leyendas de Guandacol. Con la tutor\u00eda de los docentes Olga Bustamante y Emmanuel Alexis P\u00e9rez, los alumnos distribuyeron tareas de guion, locuci\u00f3n, producci\u00f3n y edici\u00f3n, replicando la din\u00e1mica de un medio radial profesional con el acompa\u00f1amiento t\u00e9cnico de la emisora local Aire FM.<\/p>\n<p data-path-to-node=\"4\">El certamen se enmarca en un convenio de colaboraci\u00f3n entre el Ministerio de Educaci\u00f3n provincial y Cadena 3 para impulsar la expresi\u00f3n estudiantil. La n\u00f3mina finalista fue evaluada por un jurado de referentes culturales integrado por Soledad Pastorutti, Juan Jos\u00e9 Campanella y Lalo Mir. El ministro Ariel Mart\u00ednez celebr\u00f3 la clasificaci\u00f3n y resalt\u00f3 la importancia de fortalecer la participaci\u00f3n federal de las escuelas riojanas.<\/p>\n<p data-path-to-node=\"5\">La delegaci\u00f3n viajar\u00e1 a C\u00f3rdoba para competir por el primer lugar frente a dos establecimientos de la provincia de Santa Fe. Los colegios ganadores del certamen nacional recibir\u00e1n un equipamiento digital integral para estudios de radio y plazas de calistenia para sus instituciones.<\/p>\n<p data-path-to-node=\"7\">Redacci\u00f3n: <a class=\"ng-star-inserted\" href=\"https:\/\/www.Matizando.com\" target=\"_blank\" rel=\"noopener\" data-hveid=\"0\" data-ved=\"0CAAQ_4QMahgKEwicp8-U0NOWAxUAAAAAHQAAAAAQ1gI\">www.Matizando.com<\/a>.ar<\/p>\n<p data-path-to-node=\"7\">Correo: prensalarioja@yahoo.com.ar<\/p>\n<p data-path-to-node=\"7\">Portales Asociados: <a class=\"ng-star-inserted\" href=\"https:\/\/www.AldoPortugal.com\" target=\"_blank\" rel=\"noopener\" data-hveid=\"0\" data-ved=\"0CAAQ_4QMahgKEwicp8-U0NOWAxUAAAAAHQAAAAAQ1wI\">www.AldoPortugal.com<\/a>.ar &#8211; <a class=\"ng-star-inserted\" href=\"https:\/\/www.LaRiojaChayera.com\" target=\"_blank\" rel=\"noopener\" data-hveid=\"0\" data-ved=\"0CAAQ_4QMahgKEwicp8-U0NOWAxUAAAAAHQAAAAAQ2AI\">www.LaRiojaChayera.com<\/a>.ar<\/p>\n<p data-path-to-node=\"7\">Canal de YouTube: @AldoPortugal24<\/p>\n","protected":false},"excerpt":{"rendered":"<p>El proyecto \u00abLa voz de los j\u00f3venes\u00bb representar\u00e1 a La Rioja el 5 de octubre&#8230;<\/p>\n","protected":false},"author":1,"featured_media":48468,"comment_status":"closed","ping_status":"closed","sticky":true,"template":"","format":"standard","meta":{"ngg_post_thumbnail":0,"footnotes":""},"categories":[1,3],"tags":[],"_links":{"self":[{"href":"https:\/\/www.matizando.com.ar\/index.php?rest_route=\/wp\/v2\/posts\/48467"}],"collection":[{"href":"https:\/\/www.matizando.com.ar\/index.php?rest_route=\/wp\/v2\/posts"}],"about":[{"href":"https:\/\/www.matizando.com.ar\/index.php?rest_route=\/wp\/v2\/types\/post"}],"author":[{"embeddable":true,"href":"https:\/\/www.matizando.com.ar\/index.php?rest_route=\/wp\/v2\/users\/1"}],"replies":[{"embeddable":true,"href":"https:\/\/www.matizando.com.ar\/index.php?rest_route=%2Fwp%2Fv2%2Fcomments&post=48467"}],"version-history":[{"count":1,"href":"https:\/\/www.matizando.com.ar\/index.php?rest_route=\/wp\/v2\/posts\/48467\/revisions"}],"predecessor-version":[{"id":48469,"href":"https:\/\/www.matizando.com.ar\/index.php?rest_route=\/wp\/v2\/posts\/48467\/revisions\/48469"}],"wp:featuredmedia":[{"embeddable":true,"href":"https:\/\/www.matizando.com.ar\/index.php?rest_route=\/wp\/v2\/media\/48468"}],"wp:attachment":[{"href":"https:\/\/www.matizando.com.ar\/index.php?rest_route=%2Fwp%2Fv2%2Fmedia&parent=48467"}],"wp:term":[{"taxonomy":"category","embeddable":true,"href":"https:\/\/www.matizando.com.ar\/index.php?rest_route=%2Fwp%2Fv2%2Fcategories&post=48467"},{"taxonomy":"post_tag","embeddable":true,"href":"https:\/\/www.matizando.com.ar\/index.php?rest_route=%2Fwp%2Fv2%2Ftags&post=48467"}],"curies":[{"name":"wp","href":"https:\/\/api.w.org\/{rel}","templated":true}]}}