{"id":48464,"date":"2026-09-04T00:27:18","date_gmt":"2026-09-04T00:27:18","guid":{"rendered":"https:\/\/www.matizando.com.ar\/?p=48464"},"modified":"2026-09-04T00:27:27","modified_gmt":"2026-09-04T00:27:27","slug":"la-rioja-expuso-en-salta-su-modelo-de-comunicacion-publica-y-mineria","status":"publish","type":"post","link":"https:\/\/www.matizando.com.ar\/?p=48464","title":{"rendered":"La Rioja expuso en Salta su modelo de comunicaci\u00f3n p\u00fablica y miner\u00eda"},"content":{"rendered":"<div class=\"container\">\n<div id=\"model-response-message-contentr_a49a54ee9a4a180a\" class=\"markdown markdown-main-panel md-content enable-luminous-fast-follows enable-updated-hr-color\" dir=\"ltr\" aria-busy=\"false\" aria-live=\"polite\">\n<p data-path-to-node=\"1\">Ariel Allende particip\u00f3 en Argentina Mining Norte 2026. La Provincia remarc\u00f3 la importancia de la transparencia, la informaci\u00f3n p\u00fablica y el di\u00e1logo directo con las comunidades.<\/p>\n<p data-path-to-node=\"2\">El Gobierno de La Rioja form\u00f3 parte del Foro de Comunicaci\u00f3n P\u00fablica para la Miner\u00eda Argentina, desarrollado en el Centro de Convenciones de Salta en el marco del evento internacional Argentina Mining Norte 2026. La comitiva provincial, integrada por representantes de las secretar\u00edas de Miner\u00eda y de Comunicaci\u00f3n, present\u00f3 la postura del Estado riojano respecto al desarrollo de la actividad y la vinculaci\u00f3n territorial.<\/p>\n<p data-path-to-node=\"3\">Durante el panel, el subsecretario de Comunicaci\u00f3n, Ariel Allende, sostuvo que el crecimiento minero debe ir acompa\u00f1ado por pol\u00edticas de transparencia, acceso a la informaci\u00f3n y participaci\u00f3n de municipios, universidades y centros vecinales. El funcionario destac\u00f3 la necesidad de traducir el lenguaje t\u00e9cnico a conceptos accesibles para la ciudadan\u00eda, diferenciando los procesos de prospecci\u00f3n, exploraci\u00f3n y explotaci\u00f3n a fin de administrar adecuadamente las expectativas comunitarias.<\/p>\n<p data-path-to-node=\"4\">Asimismo, se expuso el modelo provincial apuntalado por el Plan Quinquenal de Desarrollo Minero 2026\u20132030 \u2014que prioriza 18 proyectos en territorio riojano\u2014 y el marco normativo que otorga la Ley de Acceso a la Informaci\u00f3n P\u00fablica. Allende remarc\u00f3 que el Estado debe ejercer un rol activo junto al sector privado, garantizando controles y canales de di\u00e1logo permanente.<\/p>\n<p data-path-to-node=\"5\">Con esta intervenci\u00f3n, La Rioja reafirm\u00f3 ante sus pares provinciales y referentes de la industria que la comunicaci\u00f3n p\u00fablica constituye un eje central de la pol\u00edtica minera, orientado a generar confianza institucional y participaci\u00f3n social en el desarrollo de los recursos naturales.<\/p>\n<p data-path-to-node=\"7\">Redacci\u00f3n: <a class=\"ng-star-inserted\" href=\"https:\/\/www.google.com\/search?q=https%3A%2F%2Fwww.Matizando.com\" target=\"_blank\" rel=\"noopener\" data-hveid=\"0\" data-ved=\"0CAAQ_4QMahgKEwicp8-U0NOWAxUAAAAAHQAAAAAQuAI\">www.Matizando.com<\/a>.ar<\/p>\n<p data-path-to-node=\"7\">Correo: prensalarioja@yahoo.com.ar<\/p>\n<p data-path-to-node=\"7\">Portales Asociados: <a class=\"ng-star-inserted\" href=\"https:\/\/www.google.com\/search?q=https%3A%2F%2Fwww.AldoPortugal.com\" target=\"_blank\" rel=\"noopener\" data-hveid=\"0\" data-ved=\"0CAAQ_4QMahgKEwicp8-U0NOWAxUAAAAAHQAAAAAQuQI\">www.AldoPortugal.com<\/a>.ar &#8211; <a class=\"ng-star-inserted\" href=\"https:\/\/www.google.com\/search?q=https%3A%2F%2Fwww.LaRiojaChayera.com\" target=\"_blank\" rel=\"noopener\" data-hveid=\"0\" data-ved=\"0CAAQ_4QMahgKEwicp8-U0NOWAxUAAAAAHQAAAAAQugI\">www.LaRiojaChayera.com<\/a>.ar<\/p>\n<p data-path-to-node=\"7\">Canal de YouTube: @AldoPortugal24<\/p>\n<\/div>\n<\/div>\n","protected":false},"excerpt":{"rendered":"<p>Ariel Allende particip\u00f3 en Argentina Mining Norte 2026. La Provincia remarc\u00f3 la importancia de la&#8230;<\/p>\n","protected":false},"author":1,"featured_media":48465,"comment_status":"closed","ping_status":"closed","sticky":true,"template":"","format":"standard","meta":{"ngg_post_thumbnail":0,"footnotes":""},"categories":[1,3],"tags":[],"_links":{"self":[{"href":"https:\/\/www.matizando.com.ar\/index.php?rest_route=\/wp\/v2\/posts\/48464"}],"collection":[{"href":"https:\/\/www.matizando.com.ar\/index.php?rest_route=\/wp\/v2\/posts"}],"about":[{"href":"https:\/\/www.matizando.com.ar\/index.php?rest_route=\/wp\/v2\/types\/post"}],"author":[{"embeddable":true,"href":"https:\/\/www.matizando.com.ar\/index.php?rest_route=\/wp\/v2\/users\/1"}],"replies":[{"embeddable":true,"href":"https:\/\/www.matizando.com.ar\/index.php?rest_route=%2Fwp%2Fv2%2Fcomments&post=48464"}],"version-history":[{"count":1,"href":"https:\/\/www.matizando.com.ar\/index.php?rest_route=\/wp\/v2\/posts\/48464\/revisions"}],"predecessor-version":[{"id":48466,"href":"https:\/\/www.matizando.com.ar\/index.php?rest_route=\/wp\/v2\/posts\/48464\/revisions\/48466"}],"wp:featuredmedia":[{"embeddable":true,"href":"https:\/\/www.matizando.com.ar\/index.php?rest_route=\/wp\/v2\/media\/48465"}],"wp:attachment":[{"href":"https:\/\/www.matizando.com.ar\/index.php?rest_route=%2Fwp%2Fv2%2Fmedia&parent=48464"}],"wp:term":[{"taxonomy":"category","embeddable":true,"href":"https:\/\/www.matizando.com.ar\/index.php?rest_route=%2Fwp%2Fv2%2Fcategories&post=48464"},{"taxonomy":"post_tag","embeddable":true,"href":"https:\/\/www.matizando.com.ar\/index.php?rest_route=%2Fwp%2Fv2%2Ftags&post=48464"}],"curies":[{"name":"wp","href":"https:\/\/api.w.org\/{rel}","templated":true}]}}