{"id":48453,"date":"2026-09-03T15:16:38","date_gmt":"2026-09-03T15:16:38","guid":{"rendered":"https:\/\/www.matizando.com.ar\/?p=48453"},"modified":"2026-09-03T15:32:12","modified_gmt":"2026-09-03T15:32:12","slug":"historica-reapertura-en-la-epet-n-1-vuelven-los-cursos-de-formacion-profesional-y-capacitacion-laboral-para-la-comunidad","status":"publish","type":"post","link":"https:\/\/www.matizando.com.ar\/?p=48453","title":{"rendered":"Hist\u00f3rica reapertura en la EPET N\u00b0 1: Vuelven los cursos de formaci\u00f3n profesional y capacitaci\u00f3n laboral para la comunidad"},"content":{"rendered":"<p>La rectora del establecimiento escolar EPET N\u00b01 de la Ciudad Capital de La Rioja, brind\u00f3 detalles de la oferta de los distintos distintos trayectos formativos en la instituci\u00f3n y como la comunidad puede acceder a ellos.&nbsp;<\/p>\n<p>&nbsp;<\/p>\n<hr>\n<p><strong>La emblem\u00e1tica instituci\u00f3n t\u00e9cnica reabre sus puertas a la ense\u00f1anza de oficios y herramientas digitales clave para el mercado laboral actual. Con certificaci\u00f3n oficial y costos accesibles, las inscripciones comienzan hoy.<\/strong><\/p>\n<p>La <strong>Escuela Provincial de Educaci\u00f3n T\u00e9cnica N\u00b0 1 (EPET N\u00b0 1)<\/strong> anunci\u00f3 oficialmente una esperada reapertura en su oferta educativa para este ciclo 2027.<\/p>\n<p>Tras un per\u00edodo en el que la instituci\u00f3n no pudo dictar este tipo de especializaciones debido a los vertiginosos cambios y avances de la sociedad, hoy la escuela se pone a tono con las demandas actuales y presenta una renovada grilla de formaci\u00f3n profesional y capacitaci\u00f3n laboral paralela a su instrucci\u00f3n acad\u00e9mica tradicional.<\/p>\n<p>El objetivo central de esta iniciativa es devolverle a la sociedad aquellos oficios y herramientas pr\u00e1cticas que el mercado laboral y la comunidad hoy necesitan con urgencia.<\/p>\n<hr>\n<h3><strong>Una propuesta adaptada a las necesidades de hoy<\/strong><\/h3>\n<p>La oferta educativa de la EPET N\u00b0 1 se organiza en dos grandes modalidades de cursada: <strong>Formaciones Profesionales<\/strong> (de duraci\u00f3n anual) y <strong>Capacitaciones Laborales<\/strong> (trayectos cortos de r\u00e1pida inserci\u00f3n).<\/p>\n<h4><strong>1. Formaciones Profesionales (Duraci\u00f3n: 1 a\u00f1o)<\/strong><\/h4>\n<p>Estos trayectos brindan una certificaci\u00f3n profunda y un perfil t\u00e9cnico completo que finalizar\u00e1 el a\u00f1o que viene:<\/p>\n<ul>\n<li><strong>Montador Electricista:<\/strong> Enfocado en la realizaci\u00f3n de conexiones el\u00e9ctricas domiciliarias y comerciales, abarcando detalladamente el funcionamiento de la corriente dentro y fuera de un hogar o local.<\/li>\n<li><strong>Cocineros:<\/strong> La escuela cuenta con una hist\u00f3rica tradici\u00f3n en gastronom\u00eda desde su inauguraci\u00f3n en 1914. Dentro de los m\u00f3dulos de esta formaci\u00f3n anual se dictar\u00e1 la muy solicitada <strong>elaboraci\u00f3n de tartas dulces<\/strong>.<\/li>\n<li><strong>Peluquer\u00eda:<\/strong> Con inicio confirmado para el pr\u00f3ximo 15 de septiembre, este trayecto ense\u00f1ar\u00e1 t\u00e9cnicas de barber\u00eda, peinados, colorimetr\u00eda, cortes b\u00e1sicos y cuidado del cabello.<\/li>\n<\/ul>\n<h4><strong>2. Capacitaciones Laborales (Duraci\u00f3n: 100 a 120 horas reloj)<\/strong><\/h4>\n<p>Dise\u00f1adas como trayectos intensivos de aproximadamente cuatro meses de duraci\u00f3n (inician el 15 de septiembre y finalizan el 3 de diciembre):<\/p>\n<ul>\n<li><strong>Excel B\u00e1sico:<\/strong> Una herramienta fundamental que toda persona necesita hoy en d\u00eda para optimizar su perfil laboral. Se dictar\u00e1 de manera exclusiva los d\u00edas lunes y viernes debido a la disponibilidad de recursos edilicios.<\/li>\n<li><strong>Impulso Emprendedor:<\/strong> Un espacio clave para quienes desean poner en marcha o gestionar con \u00e9xito una peque\u00f1a pyme o un microemprendimiento.<\/li>\n<li><strong>Marketing y Dise\u00f1o (120 horas):<\/strong> Enfocado en brindar herramientas digitales indispensables en la actualidad para vender oficios o productos y saber c\u00f3mo ofrecerlos competitivamente en el mercado.<\/li>\n<li><strong>Elaboraci\u00f3n de Conservas de Origen Vegetal:<\/strong> Una capacitaci\u00f3n sumamente demandada y con enorme salida laboral dentro de la gastronom\u00eda.<\/li>\n<li><strong>Mantenimiento y Poda de Espacios Verdes:<\/strong> Una propuesta que va m\u00e1s all\u00e1 de la jardiner\u00eda convencional, orientada al cuidado del medio ambiente y a entender la vida y utilidad de las plantas y \u00e1rboles.<\/li>\n<\/ul>\n<hr>\n<h3><strong>Horarios, costos y validez oficial<\/strong><\/h3>\n<p>Para facilitar el acceso de personas que trabajan, las capacitaciones laborales se dictar\u00e1n en <strong>horario nocturno, de 18:30 a 21:30 horas<\/strong>, tres d\u00edas a la semana (de martes a jueves, a excepci\u00f3n de Excel B\u00e1sico que funcionar\u00e1 lunes y viernes).<\/p>\n<p>Toda la oferta formativa cuenta con un marco de <strong>regulaci\u00f3n y certificaci\u00f3n oficial<\/strong> avalada por la educaci\u00f3n t\u00e9cnico-profesional y coordinada por la mag\u00edster y licenciada Bel\u00e9n Salum.<\/p>\n<p>Para poder costear los insumos y materiales pr\u00e1cticos de cada taller, se ha fijado un valor de <strong>$40.000 para la inscripci\u00f3n<\/strong> y una cuota de <strong>$10.000 mensuales<\/strong>.<\/p>\n<hr>\n<h3><strong>Convenios institucionales y c\u00f3mo inscribirse<\/strong><\/h3>\n<p>La EPET N\u00b0 1 ha articulado esfuerzos con diversas organizaciones para hacer posible este relanzamiento. Entre ellas se destaca el apoyo de <strong>ADYAR<\/strong> (Asociaci\u00f3n de Docentes y Administrativos Provinciales) y gestiones con la municipalidad local, que ya se evidencian en el reordenamiento vial en el exterior del establecimiento para mayor seguridad de los estudiantes.<\/p>\n<p>Las inscripciones <strong>comienzan hoy<\/strong> y se realizan directamente en la escuela en los siguientes horarios:<\/p>\n<ul>\n<li><strong>Turno Ma\u00f1ana:<\/strong> de 8:30 a 12:00 horas.<\/li>\n<li><strong>Turno Tarde:<\/strong> de 14:30 a 18:00 horas.<\/li>\n<\/ul>\n<hr>\n<p>&nbsp;<\/p>\n<p>&nbsp;<\/p>\n<p>Entrevista completa<\/p>\n<p>&nbsp;<\/p>\n<p><iframe loading=\"lazy\" title=\"Formaci\u00f3n y Capacitaci\u00f3n Profesional\" width=\"640\" height=\"360\" src=\"https:\/\/www.youtube.com\/embed\/5seDkMhXFqQ?feature=oembed\" frameborder=\"0\" allow=\"accelerometer; autoplay; clipboard-write; encrypted-media; gyroscope; picture-in-picture; web-share\" referrerpolicy=\"strict-origin-when-cross-origin\" allowfullscreen><\/iframe><\/p>\n<p>&nbsp;<\/p>\n","protected":false},"excerpt":{"rendered":"<p>La rectora del establecimiento escolar EPET N\u00b01 de la Ciudad Capital de La Rioja, brind\u00f3&#8230;<\/p>\n","protected":false},"author":1,"featured_media":45751,"comment_status":"closed","ping_status":"closed","sticky":true,"template":"","format":"standard","meta":{"ngg_post_thumbnail":0,"footnotes":""},"categories":[5,1,3],"tags":[],"_links":{"self":[{"href":"https:\/\/www.matizando.com.ar\/index.php?rest_route=\/wp\/v2\/posts\/48453"}],"collection":[{"href":"https:\/\/www.matizando.com.ar\/index.php?rest_route=\/wp\/v2\/posts"}],"about":[{"href":"https:\/\/www.matizando.com.ar\/index.php?rest_route=\/wp\/v2\/types\/post"}],"author":[{"embeddable":true,"href":"https:\/\/www.matizando.com.ar\/index.php?rest_route=\/wp\/v2\/users\/1"}],"replies":[{"embeddable":true,"href":"https:\/\/www.matizando.com.ar\/index.php?rest_route=%2Fwp%2Fv2%2Fcomments&post=48453"}],"version-history":[{"count":2,"href":"https:\/\/www.matizando.com.ar\/index.php?rest_route=\/wp\/v2\/posts\/48453\/revisions"}],"predecessor-version":[{"id":48455,"href":"https:\/\/www.matizando.com.ar\/index.php?rest_route=\/wp\/v2\/posts\/48453\/revisions\/48455"}],"wp:featuredmedia":[{"embeddable":true,"href":"https:\/\/www.matizando.com.ar\/index.php?rest_route=\/wp\/v2\/media\/45751"}],"wp:attachment":[{"href":"https:\/\/www.matizando.com.ar\/index.php?rest_route=%2Fwp%2Fv2%2Fmedia&parent=48453"}],"wp:term":[{"taxonomy":"category","embeddable":true,"href":"https:\/\/www.matizando.com.ar\/index.php?rest_route=%2Fwp%2Fv2%2Fcategories&post=48453"},{"taxonomy":"post_tag","embeddable":true,"href":"https:\/\/www.matizando.com.ar\/index.php?rest_route=%2Fwp%2Fv2%2Ftags&post=48453"}],"curies":[{"name":"wp","href":"https:\/\/api.w.org\/{rel}","templated":true}]}}