{"id":48451,"date":"2026-09-03T11:17:56","date_gmt":"2026-09-03T11:17:56","guid":{"rendered":"https:\/\/www.matizando.com.ar\/?p=48451"},"modified":"2026-09-03T11:20:32","modified_gmt":"2026-09-03T11:20:32","slug":"la-dgip-no-atendera-este-jueves-en-su-casa-central","status":"publish","type":"post","link":"https:\/\/www.matizando.com.ar\/?p=48451","title":{"rendered":"La DGIP no atender\u00e1 este jueves en su Casa Central"},"content":{"rendered":"<p class=\"isSelectedEnd\">La <strong>Direcci\u00f3n General de Ingresos Provinciales (DGIP)<\/strong> inform\u00f3 que este jueves 3 de septiembre la <strong>Casa Central<\/strong>, ubicada en avenida Leandro N. Alem 20, permanecer\u00e1 cerrada al p\u00fablico con motivo de la conmemoraci\u00f3n de los <strong>137 a\u00f1os de historia del organismo<\/strong>.<\/p>\n<p class=\"isSelectedEnd\">La medida ser\u00e1 exclusivamente para esa dependencia. Por lo tanto, quienes necesiten realizar <strong>tr\u00e1mites, consultas o gestiones<\/strong> podr\u00e1n concurrir a la oficina de la DGIP ubicada en el <strong>Centro Administrativo Provincial (CAP)<\/strong>, que funcionar\u00e1 con su horario habitual de atenci\u00f3n.<\/p>\n<p class=\"isSelectedEnd\">Desde el organismo remarcaron que la suspensi\u00f3n de la atenci\u00f3n alcanza \u00fanicamente a la Casa Central durante esta jornada, mientras que la dependencia del CAP mantendr\u00e1 su funcionamiento normal.<\/p>\n<p class=\"isSelectedEnd\">De esta manera, la DGIP conmemora un nuevo aniversario garantizando la continuidad de la atenci\u00f3n al p\u00fablico en su sede del Centro Administrativo Provincial.<\/p>\n<p>&#x1f310; <a href=\"http:\/\/www.aldoportugal.com.ar\">www.aldoportugal.com.ar<\/a><br \/>\n&#x1f4fa; Canal de YouTube: Aldo Portugal<br \/>\n&#x1f4d8; Facebook: Matizando \u2013 Aldo Portugal<br \/>\n&#x1f4f7; Instagram: @aldoportugal_<br \/>\n&#x1f426; X: @AldoPortugal<\/p>\n","protected":false},"excerpt":{"rendered":"<p>La Direcci\u00f3n General de Ingresos Provinciales (DGIP) inform\u00f3 que este jueves 3 de septiembre la&#8230;<\/p>\n","protected":false},"author":1,"featured_media":15859,"comment_status":"closed","ping_status":"closed","sticky":true,"template":"","format":"standard","meta":{"ngg_post_thumbnail":0,"footnotes":""},"categories":[1,3],"tags":[],"_links":{"self":[{"href":"https:\/\/www.matizando.com.ar\/index.php?rest_route=\/wp\/v2\/posts\/48451"}],"collection":[{"href":"https:\/\/www.matizando.com.ar\/index.php?rest_route=\/wp\/v2\/posts"}],"about":[{"href":"https:\/\/www.matizando.com.ar\/index.php?rest_route=\/wp\/v2\/types\/post"}],"author":[{"embeddable":true,"href":"https:\/\/www.matizando.com.ar\/index.php?rest_route=\/wp\/v2\/users\/1"}],"replies":[{"embeddable":true,"href":"https:\/\/www.matizando.com.ar\/index.php?rest_route=%2Fwp%2Fv2%2Fcomments&post=48451"}],"version-history":[{"count":1,"href":"https:\/\/www.matizando.com.ar\/index.php?rest_route=\/wp\/v2\/posts\/48451\/revisions"}],"predecessor-version":[{"id":48452,"href":"https:\/\/www.matizando.com.ar\/index.php?rest_route=\/wp\/v2\/posts\/48451\/revisions\/48452"}],"wp:featuredmedia":[{"embeddable":true,"href":"https:\/\/www.matizando.com.ar\/index.php?rest_route=\/wp\/v2\/media\/15859"}],"wp:attachment":[{"href":"https:\/\/www.matizando.com.ar\/index.php?rest_route=%2Fwp%2Fv2%2Fmedia&parent=48451"}],"wp:term":[{"taxonomy":"category","embeddable":true,"href":"https:\/\/www.matizando.com.ar\/index.php?rest_route=%2Fwp%2Fv2%2Fcategories&post=48451"},{"taxonomy":"post_tag","embeddable":true,"href":"https:\/\/www.matizando.com.ar\/index.php?rest_route=%2Fwp%2Fv2%2Ftags&post=48451"}],"curies":[{"name":"wp","href":"https:\/\/api.w.org\/{rel}","templated":true}]}}