{"id":48447,"date":"2026-09-03T00:40:55","date_gmt":"2026-09-03T00:40:55","guid":{"rendered":"https:\/\/www.matizando.com.ar\/?p=48447"},"modified":"2026-09-03T00:41:02","modified_gmt":"2026-09-03T00:41:02","slug":"defensa-del-consumidor-amplia-su-horario-de-atencion-presencial","status":"publish","type":"post","link":"https:\/\/www.matizando.com.ar\/?p=48447","title":{"rendered":"Defensa del Consumidor ampl\u00eda su horario de atenci\u00f3n presencial"},"content":{"rendered":"<p data-path-to-node=\"1\">La dependencia de Capital sum\u00f3 un turno vespertino de lunes a viernes. La medida busca brindar flexibilidad a los usuarios para efectuar consultas, reclamos y tr\u00e1mites administrativos.<\/p>\n<p data-path-to-node=\"2\">La Subsecretar\u00eda de Comercio Interior y Defensa del Consumidor del Gobierno de La Rioja implement\u00f3 un nuevo esquema de atenci\u00f3n al p\u00fablico en la sede central de la Capital, ubicada en Pelagio B. Luna 816 (casi esquina Catamarca). La iniciativa incorpora una franja horaria por la tarde para mejorar la cobertura de servicio y facilitar las gestiones presenciales a los trabajadores que no pueden concurrir en horario matutino.<\/p>\n<p data-path-to-node=\"3\">A partir de esta modificaci\u00f3n, el organismo atender\u00e1 de lunes a viernes en dos turnos: por la ma\u00f1ana de 8:30 a 12:30 horas y por la tarde de 18:00 a 20:00 horas. Las instalaciones quedan habilitadas en ambas franjas para la recepci\u00f3n de denuncias, asesoramiento t\u00e9cnico jur\u00eddico, audiencias de conciliaci\u00f3n y el inicio de tr\u00e1mites vinculados a la protecci\u00f3n de los derechos del consumidor.<\/p>\n<p data-path-to-node=\"4\">Con esta reapertura del turno tarde, el Estado provincial refuerza los canales de cercan\u00eda con la comunidad, garantizando espacios accesibles para canalizar reclamos en el \u00e1mbito del comercio y los servicios.<\/p>\n<p data-path-to-node=\"6\">Redacci\u00f3n: <a class=\"ng-star-inserted\" href=\"https:\/\/www.Matizando.com\" target=\"_blank\" rel=\"noopener\" data-hveid=\"0\" data-ved=\"0CAAQ_4QMahgKEwivj_HCjtGWAxUAAAAAHQAAAAAQmQE\">www.Matizando.com<\/a>.ar<\/p>\n<p data-path-to-node=\"6\">Correo: prensalarioja@yahoo.com.ar<\/p>\n<p data-path-to-node=\"6\">Portales Asociados: <a class=\"ng-star-inserted\" href=\"https:\/\/www.AldoPortugal.com\" target=\"_blank\" rel=\"noopener\" data-hveid=\"0\" data-ved=\"0CAAQ_4QMahgKEwivj_HCjtGWAxUAAAAAHQAAAAAQmgE\">www.AldoPortugal.com<\/a>.ar &#8211; <a class=\"ng-star-inserted\" href=\"https:\/\/www.LaRiojaChayera.com\" target=\"_blank\" rel=\"noopener\" data-hveid=\"0\" data-ved=\"0CAAQ_4QMahgKEwivj_HCjtGWAxUAAAAAHQAAAAAQmwE\">www.LaRiojaChayera.com<\/a>.ar<\/p>\n<p data-path-to-node=\"6\">Canal de YouTube: @AldoPortugal24<\/p>\n","protected":false},"excerpt":{"rendered":"<p>La dependencia de Capital sum\u00f3 un turno vespertino de lunes a viernes. La medida busca&#8230;<\/p>\n","protected":false},"author":1,"featured_media":48449,"comment_status":"closed","ping_status":"closed","sticky":true,"template":"","format":"standard","meta":{"ngg_post_thumbnail":0,"footnotes":""},"categories":[1,3],"tags":[],"_links":{"self":[{"href":"https:\/\/www.matizando.com.ar\/index.php?rest_route=\/wp\/v2\/posts\/48447"}],"collection":[{"href":"https:\/\/www.matizando.com.ar\/index.php?rest_route=\/wp\/v2\/posts"}],"about":[{"href":"https:\/\/www.matizando.com.ar\/index.php?rest_route=\/wp\/v2\/types\/post"}],"author":[{"embeddable":true,"href":"https:\/\/www.matizando.com.ar\/index.php?rest_route=\/wp\/v2\/users\/1"}],"replies":[{"embeddable":true,"href":"https:\/\/www.matizando.com.ar\/index.php?rest_route=%2Fwp%2Fv2%2Fcomments&post=48447"}],"version-history":[{"count":1,"href":"https:\/\/www.matizando.com.ar\/index.php?rest_route=\/wp\/v2\/posts\/48447\/revisions"}],"predecessor-version":[{"id":48450,"href":"https:\/\/www.matizando.com.ar\/index.php?rest_route=\/wp\/v2\/posts\/48447\/revisions\/48450"}],"wp:featuredmedia":[{"embeddable":true,"href":"https:\/\/www.matizando.com.ar\/index.php?rest_route=\/wp\/v2\/media\/48449"}],"wp:attachment":[{"href":"https:\/\/www.matizando.com.ar\/index.php?rest_route=%2Fwp%2Fv2%2Fmedia&parent=48447"}],"wp:term":[{"taxonomy":"category","embeddable":true,"href":"https:\/\/www.matizando.com.ar\/index.php?rest_route=%2Fwp%2Fv2%2Fcategories&post=48447"},{"taxonomy":"post_tag","embeddable":true,"href":"https:\/\/www.matizando.com.ar\/index.php?rest_route=%2Fwp%2Fv2%2Ftags&post=48447"}],"curies":[{"name":"wp","href":"https:\/\/api.w.org\/{rel}","templated":true}]}}