{"id":48440,"date":"2026-09-03T00:20:29","date_gmt":"2026-09-03T00:20:29","guid":{"rendered":"https:\/\/www.matizando.com.ar\/?p=48440"},"modified":"2026-09-03T00:20:36","modified_gmt":"2026-09-03T00:20:36","slug":"la-rioja-sumara-dos-plantas-textiles-y-150-puestos-de-trabajo","status":"publish","type":"post","link":"https:\/\/www.matizando.com.ar\/?p=48440","title":{"rendered":"La Rioja sumar\u00e1 dos plantas textiles y 150 puestos de trabajo"},"content":{"rendered":"<div class=\"container\">\n<div id=\"model-response-message-contentr_c53786941360ee19\" class=\"markdown markdown-main-panel md-content enable-luminous-fast-follows enable-updated-hr-color\" dir=\"ltr\" aria-busy=\"false\" aria-live=\"polite\">\n<p data-path-to-node=\"1\">El gobernador Ricardo Quintela supervis\u00f3 la ampliaci\u00f3n de ENOD en el Parque Industrial durante el D\u00eda de la Industria. La Provincia cedi\u00f3 dos naves en comodato para la instalaci\u00f3n de equipamiento y la capacitaci\u00f3n de operarios.<\/p>\n<p data-path-to-node=\"2\">En el marco del D\u00eda de la Industria, el gobernador Ricardo Quintela recorri\u00f3 el avance de las obras de expansi\u00f3n de la empresa textil ENOD, perteneciente al Grupo CLADD, en el Parque Industrial de la Capital. El proyecto contempla la puesta en marcha de dos nuevas naves cedidas en comodato por el Gobierno provincial y prev\u00e9 la generaci\u00f3n progresiva de 150 puestos de trabajo locales.<\/p>\n<p data-path-to-node=\"3\">La primera de las plantas presenta un 90% de avance edilicio y funcionar\u00e1 como hilander\u00eda con una proyecci\u00f3n de producci\u00f3n estimada en 200 toneladas mensuales, mientras que la segunda nave registra un 15% de ejecuci\u00f3n. En materia laboral, 70 trabajadores ya se encuentran cumpliendo instancias de capacitaci\u00f3n t\u00e9cnica para incorporarse a la primera unidad productiva, mientras que los 80 restantes iniciar\u00e1n su formaci\u00f3n en la siguiente etapa.<\/p>\n<p data-path-to-node=\"4\">Durante la visita, Quintela destac\u00f3 la importancia de acompa\u00f1ar la inversi\u00f3n privada en un contexto nacional adverso para los sectores de la construcci\u00f3n y el textil. Acompa\u00f1ado por el ministro de Trabajo, Empleo, Industria y Miner\u00eda, Federico Baz\u00e1n, el mandatario ratific\u00f3 la pol\u00edtica de incentivos al Parque Industrial para sostener la mano de obra riojana.<\/p>\n<p data-path-to-node=\"5\">Desde la conducci\u00f3n operativa de la firma ponderaron la capacidad t\u00e9cnica de los operarios locales y la articulaci\u00f3n con el Estado provincial para llevar a cabo la reestructuraci\u00f3n productiva y la instalaci\u00f3n de los nuevos esquemas de hilado.<\/p>\n<p data-path-to-node=\"7\">Redacci\u00f3n: <a class=\"ng-star-inserted\" href=\"https:\/\/www.Matizando.com\" target=\"_blank\" rel=\"noopener\" data-hveid=\"0\" data-ved=\"0CAAQ_4QMahcKEwivj_HCjtGWAxUAAAAAHQAAAAAQUg\">www.Matizando.com<\/a>.ar<\/p>\n<p data-path-to-node=\"7\">Correo: prensalarioja@yahoo.com.ar<\/p>\n<p data-path-to-node=\"7\">Portales Asociados: <a class=\"ng-star-inserted\" href=\"https:\/\/www.AldoPortugal.com\" target=\"_blank\" rel=\"noopener\" data-hveid=\"0\" data-ved=\"0CAAQ_4QMahcKEwivj_HCjtGWAxUAAAAAHQAAAAAQUw\">www.AldoPortugal.com<\/a>.ar &#8211; <a class=\"ng-star-inserted\" href=\"https:\/\/www.LaRiojaChayera.com\" target=\"_blank\" rel=\"noopener\" data-hveid=\"0\" data-ved=\"0CAAQ_4QMahcKEwivj_HCjtGWAxUAAAAAHQAAAAAQVA\">www.LaRiojaChayera.com<\/a>.ar<\/p>\n<p data-path-to-node=\"7\">Canal de YouTube: @AldoPortugal24<\/p>\n<\/div>\n<\/div>\n","protected":false},"excerpt":{"rendered":"<p>El gobernador Ricardo Quintela supervis\u00f3 la ampliaci\u00f3n de ENOD en el Parque Industrial durante el&#8230;<\/p>\n","protected":false},"author":1,"featured_media":48441,"comment_status":"closed","ping_status":"closed","sticky":true,"template":"","format":"standard","meta":{"ngg_post_thumbnail":0,"footnotes":""},"categories":[1,3],"tags":[],"_links":{"self":[{"href":"https:\/\/www.matizando.com.ar\/index.php?rest_route=\/wp\/v2\/posts\/48440"}],"collection":[{"href":"https:\/\/www.matizando.com.ar\/index.php?rest_route=\/wp\/v2\/posts"}],"about":[{"href":"https:\/\/www.matizando.com.ar\/index.php?rest_route=\/wp\/v2\/types\/post"}],"author":[{"embeddable":true,"href":"https:\/\/www.matizando.com.ar\/index.php?rest_route=\/wp\/v2\/users\/1"}],"replies":[{"embeddable":true,"href":"https:\/\/www.matizando.com.ar\/index.php?rest_route=%2Fwp%2Fv2%2Fcomments&post=48440"}],"version-history":[{"count":1,"href":"https:\/\/www.matizando.com.ar\/index.php?rest_route=\/wp\/v2\/posts\/48440\/revisions"}],"predecessor-version":[{"id":48442,"href":"https:\/\/www.matizando.com.ar\/index.php?rest_route=\/wp\/v2\/posts\/48440\/revisions\/48442"}],"wp:featuredmedia":[{"embeddable":true,"href":"https:\/\/www.matizando.com.ar\/index.php?rest_route=\/wp\/v2\/media\/48441"}],"wp:attachment":[{"href":"https:\/\/www.matizando.com.ar\/index.php?rest_route=%2Fwp%2Fv2%2Fmedia&parent=48440"}],"wp:term":[{"taxonomy":"category","embeddable":true,"href":"https:\/\/www.matizando.com.ar\/index.php?rest_route=%2Fwp%2Fv2%2Fcategories&post=48440"},{"taxonomy":"post_tag","embeddable":true,"href":"https:\/\/www.matizando.com.ar\/index.php?rest_route=%2Fwp%2Fv2%2Ftags&post=48440"}],"curies":[{"name":"wp","href":"https:\/\/api.w.org\/{rel}","templated":true}]}}