{"id":48434,"date":"2026-09-02T16:20:35","date_gmt":"2026-09-02T16:20:35","guid":{"rendered":"https:\/\/www.matizando.com.ar\/?p=48434"},"modified":"2026-09-02T16:28:27","modified_gmt":"2026-09-02T16:28:27","slug":"la-camara-de-diputados-declaro-de-interes-provincial-a-la-1a-jornada-provincial-de-coaching-tinkunaco-de-coaches-abierta-al-mundo","status":"publish","type":"post","link":"https:\/\/www.matizando.com.ar\/?p=48434","title":{"rendered":"La C\u00e1mara de Diputados declar\u00f3 de Inter\u00e9s Provincial a la 1\u00aa Jornada Provincial de Coaching \u00abTinkunaco de Coaches: Abierta al Mundo\u00bb"},"content":{"rendered":"<p id=\"p-rc_1b4b109712b6ae8d-31\" data-path-to-node=\"1\"><span data-path-to-node=\"1,0\">La Funci\u00f3n Legislativa de la Provincia de La Rioja aprob\u00f3 la Declaraci\u00f3n N\u00b0 114\/141\u00ba, mediante la cual se declara de Inter\u00e9s Provincial a la <b data-path-to-node=\"1,0\" data-index-in-node=\"141\">\u00abPrimera Jornada Provincial de Coaching &#8211; Tinkunaco de Coaches: Abierta al Mundo\u00bb<\/b><\/span><span data-path-to-node=\"1,2\">. El evento se llevar\u00e1 a cabo el pr\u00f3ximo 19 de septiembre en la Sala Roja de la Universidad Nacional de La Rioja (UNLaR)<\/span><span data-path-to-node=\"1,4\">.<\/span><\/p>\n<p id=\"p-rc_1b4b109712b6ae8d-32\" data-path-to-node=\"2\"><span data-path-to-node=\"2,0\">La propuesta, organizada por COPESI (<i data-path-to-node=\"2,0\" data-index-in-node=\"51\">Coaches Ontol\u00f3gicos Profesionales en Servicio Integral<\/i>), est\u00e1 orientada al fortalecimiento del desarrollo humano, emocional y social<\/span><span data-path-to-node=\"2,2\">. El encuentro busca ofrecer un espacio de formaci\u00f3n, reflexi\u00f3n y aprendizaje vivencial orientado a generar conciencia emocional y nuevas posibilidades tanto individuales como colectivas<\/span><span data-path-to-node=\"2,4\">.<\/span><\/p>\n<p data-path-to-node=\"3\"><b data-path-to-node=\"3\" data-index-in-node=\"0\">Talleres vivenciales e intercambio interdisciplinario<\/b><\/p>\n<p id=\"p-rc_1b4b109712b6ae8d-33\" data-path-to-node=\"4\"><span data-path-to-node=\"4,0\">La jornada contempla la realizaci\u00f3n de talleres vivenciales, disertaciones y actividades participativas enfocadas en la gesti\u00f3n emocional, la construcci\u00f3n de v\u00ednculos saludables, la apreciatividad y el desarrollo de habilidades humanas<\/span><span data-path-to-node=\"4,2\">. La iniciativa est\u00e1 destinada a coaches ontol\u00f3gicos profesionales, estudiantes, profesionales de diversas disciplinas y p\u00fablico general interesado en la tem\u00e1tica<\/span><span data-path-to-node=\"4,4\">.<\/span><\/p>\n<p id=\"p-rc_1b4b109712b6ae8d-34\" data-path-to-node=\"5\"><span data-path-to-node=\"5,0\">Entre sus objetivos espec\u00edficos, la actividad promueve la difusi\u00f3n de herramientas del coaching ontol\u00f3gico profesional para la vida cotidiana, el an\u00e1lisis sobre la interpretaci\u00f3n de la realidad, la revalorizaci\u00f3n del tiempo y las emociones, y el fomento de acciones de compromiso y responsabilidad social<\/span><span data-path-to-node=\"5,2\">.<\/span><\/p>\n<p data-path-to-node=\"6\"><b data-path-to-node=\"6\" data-index-in-node=\"0\">Reconocimiento \u00abHuella Transformadora\u00bb y fin solidario<\/b><\/p>\n<p id=\"p-rc_1b4b109712b6ae8d-35\" data-path-to-node=\"7\"><span data-path-to-node=\"7,0\">Adem\u00e1s de las instancias reflexivas y din\u00e1micas de intercambio grupal, la propuesta incorpora acciones solidarias y la entrega de la distinci\u00f3n institucional <b data-path-to-node=\"7,0\" data-index-in-node=\"158\">\u00abHuella Transformadora\u00bb<\/b>, un reconocimiento pensado para destacar a personas e instituciones que generan un impacto positivo en la comunidad<\/span><span data-path-to-node=\"7,2\">.<\/span><\/p>\n<p id=\"p-rc_1b4b109712b6ae8d-36\" data-path-to-node=\"8\"><span data-path-to-node=\"8,0\">El proyecto impulsado en la Legislatura cont\u00f3 con la presentaci\u00f3n de los diputados Lourdes Alejandrina Ortiz, Federico Sbiroli y Luis Lisandro Rojo<\/span><span data-path-to-node=\"8,2\">. La declaraci\u00f3n oficial fue firmada por la presidenta de la C\u00e1mara de Diputados, Lic. Teresita Leonor Madera, y la secretaria legislativa, Prof. Mirtha Mar\u00eda Teresita Luna<\/span><span data-path-to-node=\"8,4\">.<\/span><\/p>\n<p data-path-to-node=\"9\">Redacci\u00f3n: <a class=\"ng-star-inserted\" href=\"https:\/\/www.google.com\/search?q=https%3A%2F%2Fwww.Matizando.com\" target=\"_blank\" rel=\"noopener\" data-hveid=\"0\" data-ved=\"0CAAQ_4QMahgKEwicsbqkm9CWAxUAAAAAHQAAAAAQhgE\">www.Matizando.com<\/a>.ar Correo: prensalarioja@yahoo.com.ar Portales Asociados: <a class=\"ng-star-inserted\" href=\"https:\/\/www.google.com\/search?q=https%3A%2F%2Fwww.AldoPortugal.com\" target=\"_blank\" rel=\"noopener\" data-hveid=\"0\" data-ved=\"0CAAQ_4QMahgKEwicsbqkm9CWAxUAAAAAHQAAAAAQhwE\">www.AldoPortugal.com<\/a>.ar &#8211; <a class=\"ng-star-inserted\" href=\"https:\/\/www.google.com\/search?q=https%3A%2F%2Fwww.LaRiojaChayera.com\" target=\"_blank\" rel=\"noopener\" data-hveid=\"0\" data-ved=\"0CAAQ_4QMahgKEwicsbqkm9CWAxUAAAAAHQAAAAAQiAE\">www.LaRiojaChayera.com<\/a>.ar Canal de YouTube: @AldoPortugal24<\/p>\n","protected":false},"excerpt":{"rendered":"<p>La Funci\u00f3n Legislativa de la Provincia de La Rioja aprob\u00f3 la Declaraci\u00f3n N\u00b0 114\/141\u00ba, mediante&#8230;<\/p>\n","protected":false},"author":1,"featured_media":48435,"comment_status":"closed","ping_status":"closed","sticky":true,"template":"","format":"standard","meta":{"ngg_post_thumbnail":0,"footnotes":""},"categories":[1,3],"tags":[],"_links":{"self":[{"href":"https:\/\/www.matizando.com.ar\/index.php?rest_route=\/wp\/v2\/posts\/48434"}],"collection":[{"href":"https:\/\/www.matizando.com.ar\/index.php?rest_route=\/wp\/v2\/posts"}],"about":[{"href":"https:\/\/www.matizando.com.ar\/index.php?rest_route=\/wp\/v2\/types\/post"}],"author":[{"embeddable":true,"href":"https:\/\/www.matizando.com.ar\/index.php?rest_route=\/wp\/v2\/users\/1"}],"replies":[{"embeddable":true,"href":"https:\/\/www.matizando.com.ar\/index.php?rest_route=%2Fwp%2Fv2%2Fcomments&post=48434"}],"version-history":[{"count":1,"href":"https:\/\/www.matizando.com.ar\/index.php?rest_route=\/wp\/v2\/posts\/48434\/revisions"}],"predecessor-version":[{"id":48436,"href":"https:\/\/www.matizando.com.ar\/index.php?rest_route=\/wp\/v2\/posts\/48434\/revisions\/48436"}],"wp:featuredmedia":[{"embeddable":true,"href":"https:\/\/www.matizando.com.ar\/index.php?rest_route=\/wp\/v2\/media\/48435"}],"wp:attachment":[{"href":"https:\/\/www.matizando.com.ar\/index.php?rest_route=%2Fwp%2Fv2%2Fmedia&parent=48434"}],"wp:term":[{"taxonomy":"category","embeddable":true,"href":"https:\/\/www.matizando.com.ar\/index.php?rest_route=%2Fwp%2Fv2%2Fcategories&post=48434"},{"taxonomy":"post_tag","embeddable":true,"href":"https:\/\/www.matizando.com.ar\/index.php?rest_route=%2Fwp%2Fv2%2Ftags&post=48434"}],"curies":[{"name":"wp","href":"https:\/\/api.w.org\/{rel}","templated":true}]}}