{"id":48431,"date":"2026-09-02T11:42:37","date_gmt":"2026-09-02T11:42:37","guid":{"rendered":"https:\/\/www.matizando.com.ar\/?p=48431"},"modified":"2026-09-02T11:48:07","modified_gmt":"2026-09-02T11:48:07","slug":"famatina-elegido-para-representar-a-la-argentina-ante-el-mundo","status":"publish","type":"post","link":"https:\/\/www.matizando.com.ar\/?p=48431","title":{"rendered":"Famatina, elegido para representar a la Argentina ante el mundo"},"content":{"rendered":"<p class=\"isSelectedEnd\"><strong>El Nevado de Famatina fue seleccionado entre 18 postulaciones de 10 provincias para participar del certamen internacional \u201cMonta\u00f1a Tur\u00edstica de Fama Mundial 2026\u201d. Ser\u00e1 el \u00fanico representante argentino en la categor\u00eda Cultural.<\/strong><\/p>\n<p class=\"isSelectedEnd\">La Rioja vuelve a proyectar uno de sus mayores s\u00edmbolos naturales hacia el escenario internacional. El <strong>Nevado de Famatina<\/strong> fue seleccionado para representar a la Argentina en el certamen <strong>\u201cMonta\u00f1a Tur\u00edstica de Fama Mundial 2026\u201d<\/strong>, impulsado por la <em>International Mountain Tourism Alliance (IMTA)<\/em>.<\/p>\n<p class=\"isSelectedEnd\">La candidatura riojana fue elegida entre <strong>18 propuestas presentadas por 10 provincias argentinas<\/strong>, quedando entre las cinco monta\u00f1as que representar\u00e1n al pa\u00eds en esta competencia internacional.<\/p>\n<p class=\"isSelectedEnd\">La particularidad que distingue al Famatina es que ser\u00e1 <strong>el \u00fanico representante argentino en la categor\u00eda Cultural<\/strong>, mientras que en la categor\u00eda Natural fueron seleccionados el <strong>Champaqu\u00ed<\/strong>, de C\u00f3rdoba; el <strong>Aconcagua<\/strong>, de Mendoza; el <strong>Copahue<\/strong>, de Neuqu\u00e9n; y el <strong>Mercedario<\/strong>, de San Juan.<\/p>\n<h2>Una candidatura impulsada desde La Rioja<\/h2>\n<p class=\"isSelectedEnd\">La postulaci\u00f3n fue promovida por la <strong>Secretar\u00eda de Turismo de La Rioja<\/strong>, a trav\u00e9s de la Direcci\u00f3n de Desarrollo y Productos Tur\u00edsticos, que llev\u00f3 adelante el proceso de identificaci\u00f3n, preparaci\u00f3n y presentaci\u00f3n de la propuesta.<\/p>\n<p class=\"isSelectedEnd\">Para la selecci\u00f3n se tuvieron en cuenta distintos aspectos vinculados con el valor de cada monta\u00f1a, entre ellos su importancia natural y cultural, conservaci\u00f3n, desarrollo tur\u00edstico, gesti\u00f3n, sostenibilidad, infraestructura y respaldo institucional.<\/p>\n<p class=\"isSelectedEnd\">La candidatura del Nevado de Famatina cont\u00f3 adem\u00e1s con el aval de los departamentos <strong>Famatina, Chilecito, General Felipe Varela, General Lamadrid y Vinchina<\/strong>, consolidando una presentaci\u00f3n que busca mostrar internacionalmente un patrimonio estrechamente vinculado con la historia y la identidad del oeste riojano.<\/p>\n<p class=\"isSelectedEnd\">La participaci\u00f3n en el certamen representa una nueva oportunidad para <strong>fortalecer el posicionamiento tur\u00edstico de La Rioja<\/strong>, visibilizar sus atractivos y proyectar su patrimonio en mercados y escenarios internacionales.<\/p>\n<h2>Una monta\u00f1a que concentra historia, cultura y naturaleza<\/h2>\n<p class=\"isSelectedEnd\">Con <strong>6.250 metros sobre el nivel del mar<\/strong>, el Nevado de Famatina es uno de los grandes emblemas geogr\u00e1ficos de la provincia.<\/p>\n<p class=\"isSelectedEnd\">Sus imponentes paisajes de alta monta\u00f1a y sus cumbres nevadas conviven con una profunda historia territorial y cultural. La regi\u00f3n es conocida hist\u00f3ricamente como la <strong>\u201cMadre de los Metales\u201d<\/strong>, en referencia a la riqueza mineral de sus monta\u00f1as y a la importancia que la actividad minera tuvo en el desarrollo de la zona.<\/p>\n<p class=\"isSelectedEnd\">Pero el valor del Famatina trasciende ampliamente sus caracter\u00edsticas naturales.<\/p>\n<p class=\"isSelectedEnd\">En su territorio existen huellas vinculadas al <strong>Qhapaq \u00d1an \u2013 Camino del Inca<\/strong>, reconocido como <strong>Patrimonio Mundial por la UNESCO<\/strong>, adem\u00e1s de espacios de enorme importancia hist\u00f3rica como la <strong>Mina La Mejicana<\/strong> y el <strong>Cablecarril Chilecito\u2013La Mejicana<\/strong>.<\/p>\n<p class=\"isSelectedEnd\">A ese patrimonio se suman sitios de valor arqueol\u00f3gico como <strong>Rinc\u00f3n del Toro<\/strong>, conformando un entramado en el que naturaleza, historia, cultura y patrimonio convergen en un mismo escenario.<\/p>\n<h2>De La Rioja para el mundo<\/h2>\n<p class=\"isSelectedEnd\">La elecci\u00f3n del Nevado de Famatina como <strong>\u00fanico representante argentino en la categor\u00eda Cultural<\/strong> abre una nueva ventana para mostrar al mundo una de las monta\u00f1as m\u00e1s emblem\u00e1ticas de La Rioja.<\/p>\n<p class=\"isSelectedEnd\">La candidatura no solo pone en valor su geograf\u00eda. Tambi\u00e9n reconoce una historia construida alrededor de sus comunidades, sus caminos, su patrimonio y las huellas de distintas culturas que atravesaron el territorio.<\/p>\n<p class=\"isSelectedEnd\">Ahora, el desaf\u00edo ser\u00e1 transformar esta participaci\u00f3n internacional en una herramienta para <strong>potenciar el turismo de monta\u00f1a y cultural<\/strong>, fortalecer la identidad tur\u00edstica de la provincia y hacer que el nombre de Famatina trascienda las fronteras riojanas.<\/p>\n<p class=\"isSelectedEnd\">Porque el Famatina no es solamente una monta\u00f1a.<\/p>\n<p class=\"isSelectedEnd\">Es <strong>paisaje, patrimonio, memoria e identidad<\/strong>. Y ahora, tambi\u00e9n, una nueva posibilidad de que La Rioja sea conocida por el mundo desde uno de sus lugares m\u00e1s emblem\u00e1ticos.<\/p>\n<p>&#x1f310; <a href=\"http:\/\/www.aldoportugal.com.ar\">www.aldoportugal.com.ar<\/a><br \/>\n&#x1f4fa; Canal de YouTube: Aldo Portugal<br \/>\n&#x1f4d8; Facebook: Matizando \u2013 Aldo Portugal<br \/>\n&#x1f4f7; Instagram: @aldoportugal_<br \/>\n&#x1f426; X: @AldoPortugal<\/p>\n","protected":false},"excerpt":{"rendered":"<p>El Nevado de Famatina fue seleccionado entre 18 postulaciones de 10 provincias para participar del&#8230;<\/p>\n","protected":false},"author":1,"featured_media":48432,"comment_status":"closed","ping_status":"closed","sticky":true,"template":"","format":"standard","meta":{"ngg_post_thumbnail":0,"footnotes":""},"categories":[1,3],"tags":[],"_links":{"self":[{"href":"https:\/\/www.matizando.com.ar\/index.php?rest_route=\/wp\/v2\/posts\/48431"}],"collection":[{"href":"https:\/\/www.matizando.com.ar\/index.php?rest_route=\/wp\/v2\/posts"}],"about":[{"href":"https:\/\/www.matizando.com.ar\/index.php?rest_route=\/wp\/v2\/types\/post"}],"author":[{"embeddable":true,"href":"https:\/\/www.matizando.com.ar\/index.php?rest_route=\/wp\/v2\/users\/1"}],"replies":[{"embeddable":true,"href":"https:\/\/www.matizando.com.ar\/index.php?rest_route=%2Fwp%2Fv2%2Fcomments&post=48431"}],"version-history":[{"count":1,"href":"https:\/\/www.matizando.com.ar\/index.php?rest_route=\/wp\/v2\/posts\/48431\/revisions"}],"predecessor-version":[{"id":48433,"href":"https:\/\/www.matizando.com.ar\/index.php?rest_route=\/wp\/v2\/posts\/48431\/revisions\/48433"}],"wp:featuredmedia":[{"embeddable":true,"href":"https:\/\/www.matizando.com.ar\/index.php?rest_route=\/wp\/v2\/media\/48432"}],"wp:attachment":[{"href":"https:\/\/www.matizando.com.ar\/index.php?rest_route=%2Fwp%2Fv2%2Fmedia&parent=48431"}],"wp:term":[{"taxonomy":"category","embeddable":true,"href":"https:\/\/www.matizando.com.ar\/index.php?rest_route=%2Fwp%2Fv2%2Fcategories&post=48431"},{"taxonomy":"post_tag","embeddable":true,"href":"https:\/\/www.matizando.com.ar\/index.php?rest_route=%2Fwp%2Fv2%2Ftags&post=48431"}],"curies":[{"name":"wp","href":"https:\/\/api.w.org\/{rel}","templated":true}]}}