{"id":48428,"date":"2026-09-02T11:19:02","date_gmt":"2026-09-02T11:19:02","guid":{"rendered":"https:\/\/www.matizando.com.ar\/?p=48428"},"modified":"2026-09-02T11:20:13","modified_gmt":"2026-09-02T11:20:13","slug":"paro-en-aeropuertos","status":"publish","type":"post","link":"https:\/\/www.matizando.com.ar\/?p=48428","title":{"rendered":"Paro en aeropuertos"},"content":{"rendered":"<h1>ATE advierte demoras y cancelaciones durante 48 horas<\/h1>\n<p class=\"isSelectedEnd\">La medida de fuerza ser\u00e1 este jueves 3 y viernes 4 de septiembre y alcanzar\u00e1 a m\u00e1s de 27 aeropuertos del pa\u00eds. Los trabajadores de la ANAC reclaman el cumplimiento de acuerdos salariales, la reapertura de la paritaria y mayor financiamiento para \u00e1reas operativas.<\/p>\n<p class=\"isSelectedEnd\">La Asociaci\u00f3n de Trabajadores del Estado (ATE) confirm\u00f3 una jornada nacional de lucha de 48 horas que afectar\u00e1 el funcionamiento de m\u00e1s de 27 aeropuertos argentinos durante este jueves 3 y viernes 4 de septiembre.<\/p>\n<p class=\"isSelectedEnd\">La protesta ser\u00e1 llevada adelante por trabajadores de la Administraci\u00f3n Nacional de Aviaci\u00f3n Civil (ANAC) e incluir\u00e1 paros, movilizaciones y asambleas en dos franjas horarias: de <strong>9 a 12 y de 18 a 21<\/strong>.<\/p>\n<p class=\"isSelectedEnd\">Durante esos per\u00edodos estar\u00e1n garantizados \u00fanicamente los vuelos sanitarios, humanitarios, de traslado de \u00f3rganos y oficiales. Para el resto de las operaciones comerciales podr\u00edan registrarse <strong>demoras, reprogramaciones y cancelaciones<\/strong>, seg\u00fan la organizaci\u00f3n que adopten las aerol\u00edneas y las autoridades aeroportuarias.<\/p>\n<h3>El reclamo de los trabajadores<\/h3>\n<p class=\"isSelectedEnd\">Desde ATE sostienen que el conflicto se origin\u00f3 en una serie de incumplimientos que atribuyen al Gobierno nacional. Entre los principales reclamos se encuentra el pago de adicionales salariales acordados en paritarias que, seg\u00fan el gremio, permanecen pendientes desde enero.<\/p>\n<p class=\"isSelectedEnd\">A esto se suma el pedido de reapertura de la paritaria sectorial y una mejora de las condiciones laborales.<\/p>\n<p class=\"isSelectedEnd\">El sindicato tambi\u00e9n denuncia un proceso de desfinanciamiento de \u00e1reas consideradas estrat\u00e9gicas para el funcionamiento aeroportuario, particularmente las vinculadas con tareas operativas, fiscalizaci\u00f3n y el Servicio de Salvamento y Extinci\u00f3n de Incendios (SSEI).<\/p>\n<p class=\"isSelectedEnd\">El secretario general de ATE Nacional, Rodolfo Aguiar, cuestion\u00f3 el deterioro salarial de los trabajadores y advirti\u00f3 que, si no se abre una instancia de di\u00e1logo con el Gobierno, el conflicto podr\u00eda profundizarse.<\/p>\n<h3>\u00bfQu\u00e9 puede pasar con los vuelos?<\/h3>\n<p class=\"isSelectedEnd\">El paro <strong>no significa que los aeropuertos permanecer\u00e1n completamente cerrados durante las 48 horas<\/strong>. La medida se concentrar\u00e1 en las franjas horarias anunciadas por el gremio.<\/p>\n<p class=\"isSelectedEnd\">Fuera de esos per\u00edodos, las operaciones est\u00e1n previstas con normalidad. Sin embargo, quienes tengan vuelos programados durante las horas de protesta podr\u00edan verse afectados por modificaciones en los horarios, reprogramaciones o eventuales cancelaciones.<\/p>\n<p class=\"isSelectedEnd\">Entre las terminales alcanzadas se encuentran <strong>Ezeiza y Aeroparque<\/strong>, aunque la protesta tiene alcance federal.<\/p>\n<p class=\"isSelectedEnd\">Desde el gremio se\u00f1alaron que la medida fue comunicada con anticipaci\u00f3n para permitir que las empresas y las autoridades puedan organizar sus operaciones.<\/p>\n<h3>Un conflicto que puede escalar<\/h3>\n<p class=\"isSelectedEnd\">ATE anticip\u00f3 que la protesta podr\u00eda no quedar limitada a los dos d\u00edas previstos. El sindicato advirti\u00f3 que, si no recibe respuestas a sus reclamos antes del inicio de la medida, existe la posibilidad de profundizar el plan de lucha.<\/p>\n<p class=\"isSelectedEnd\">El escenario vuelve a poner en tensi\u00f3n al Gobierno nacional y a uno de los sectores considerados estrat\u00e9gicos dentro de la administraci\u00f3n p\u00fablica, mientras miles de pasajeros deber\u00e1n estar atentos al estado de sus vuelos durante las pr\u00f3ximas 48 horas.<\/p>\n<p>&#x1f310; <a href=\"http:\/\/www.aldoportugal.com.ar\">www.aldoportugal.com.ar<\/a><br \/>\n&#x1f4fa; Canal de YouTube: Aldo Portugal<br \/>\n&#x1f4d8; Facebook: Matizando \u2013 Aldo Portugal<br \/>\n&#x1f4f7; Instagram: @aldoportugal_<br \/>\n&#x1f426; X: @AldoPortugal<\/p>\n","protected":false},"excerpt":{"rendered":"<p>ATE advierte demoras y cancelaciones durante 48 horas La medida de fuerza ser\u00e1 este jueves&#8230;<\/p>\n","protected":false},"author":1,"featured_media":48429,"comment_status":"closed","ping_status":"closed","sticky":true,"template":"","format":"standard","meta":{"ngg_post_thumbnail":0,"footnotes":""},"categories":[1,3],"tags":[],"_links":{"self":[{"href":"https:\/\/www.matizando.com.ar\/index.php?rest_route=\/wp\/v2\/posts\/48428"}],"collection":[{"href":"https:\/\/www.matizando.com.ar\/index.php?rest_route=\/wp\/v2\/posts"}],"about":[{"href":"https:\/\/www.matizando.com.ar\/index.php?rest_route=\/wp\/v2\/types\/post"}],"author":[{"embeddable":true,"href":"https:\/\/www.matizando.com.ar\/index.php?rest_route=\/wp\/v2\/users\/1"}],"replies":[{"embeddable":true,"href":"https:\/\/www.matizando.com.ar\/index.php?rest_route=%2Fwp%2Fv2%2Fcomments&post=48428"}],"version-history":[{"count":1,"href":"https:\/\/www.matizando.com.ar\/index.php?rest_route=\/wp\/v2\/posts\/48428\/revisions"}],"predecessor-version":[{"id":48430,"href":"https:\/\/www.matizando.com.ar\/index.php?rest_route=\/wp\/v2\/posts\/48428\/revisions\/48430"}],"wp:featuredmedia":[{"embeddable":true,"href":"https:\/\/www.matizando.com.ar\/index.php?rest_route=\/wp\/v2\/media\/48429"}],"wp:attachment":[{"href":"https:\/\/www.matizando.com.ar\/index.php?rest_route=%2Fwp%2Fv2%2Fmedia&parent=48428"}],"wp:term":[{"taxonomy":"category","embeddable":true,"href":"https:\/\/www.matizando.com.ar\/index.php?rest_route=%2Fwp%2Fv2%2Fcategories&post=48428"},{"taxonomy":"post_tag","embeddable":true,"href":"https:\/\/www.matizando.com.ar\/index.php?rest_route=%2Fwp%2Fv2%2Ftags&post=48428"}],"curies":[{"name":"wp","href":"https:\/\/api.w.org\/{rel}","templated":true}]}}