{"id":48418,"date":"2026-09-01T21:26:40","date_gmt":"2026-09-01T21:26:40","guid":{"rendered":"https:\/\/www.matizando.com.ar\/?p=48418"},"modified":"2026-09-01T21:26:47","modified_gmt":"2026-09-01T21:26:47","slug":"el-famatina-fue-elegido-para-representar-a-la-argentina-internacionalmente","status":"publish","type":"post","link":"https:\/\/www.matizando.com.ar\/?p=48418","title":{"rendered":"El Famatina fue elegido para representar a la Argentina internacionalmente"},"content":{"rendered":"<p data-path-to-node=\"1\">El Nevado de Famatina participar\u00e1 del certamen \u00abMonta\u00f1a Tur\u00edstica de Fama Mundial 2026\u00bb de la IMTA. Es el \u00fanico seleccionado argentino en la categor\u00eda Cultural.<\/p>\n<p data-path-to-node=\"2\">La Rioja logr\u00f3 una importante proyecci\u00f3n tur\u00edstica global tras la selecci\u00f3n del Nevado de Famatina como candidato argentino en el concurso internacional \u00abMonta\u00f1a Tur\u00edstica de Fama Mundial 2026\u00bb, organizado por la International Mountain Tourism Alliance (IMTA). El macizo riojano participar\u00e1 en la categor\u00eda Cultural, tras competir con 18 postulaciones de 10 provincias argentinas.<\/p>\n<p data-path-to-node=\"3\">La postulaci\u00f3n fue elaborada por la Secretar\u00eda de Turismo de La Rioja con el aval de los municipios de Famatina, Chilecito, General Felipe Varela, General Lamadrid y Vinchina. La evaluaci\u00f3n del organismo internacional consider\u00f3 criterios de sostenibilidad, gesti\u00f3n tur\u00edstica, conservaci\u00f3n de la biodiversidad e infraestructura, junto al peso hist\u00f3rico e identitario de la regi\u00f3n.<\/p>\n<p data-path-to-node=\"4\">Con 6.250 metros de altitud, el Nevado de Famatina destaca no solo por su perfil paisaj\u00edstico, sino tambi\u00e9n por albergar tramos del Qhapaq \u00d1an (Camino del Inca) \u2014declarado Patrimonio Mundial por la UNESCO\u2014, vestigios arqueol\u00f3gicos como Rinc\u00f3n del Toro y el emblem\u00e1tico Cablecarril de la Mina La Mejicana.<\/p>\n<p data-path-to-node=\"5\">Mientras que otras cumbres del pa\u00eds como el Aconcagua y el Copahue competir\u00e1n en la categor\u00eda Natural, el Famatina llevar\u00e1 la representaci\u00f3n exclusiva de la cultura y la historia de alta monta\u00f1a de la Argentina a la vidriera tur\u00edstica internacional.<\/p>\n<p data-path-to-node=\"7\">Redacci\u00f3n: <a class=\"ng-star-inserted\" href=\"https:\/\/www.Matizando.com\" target=\"_blank\" rel=\"noopener\" data-hveid=\"0\" data-ved=\"0CAAQ_4QMahgKEwjws5yq28uWAxUAAAAAHQAAAAAQtQE\">www.Matizando.com<\/a>.ar<\/p>\n<p data-path-to-node=\"7\">Correo: prensalarioja@yahoo.com.ar<\/p>\n<p data-path-to-node=\"7\">Portales Asociados: <a class=\"ng-star-inserted\" href=\"https:\/\/www.AldoPortugal.com\" target=\"_blank\" rel=\"noopener\" data-hveid=\"0\" data-ved=\"0CAAQ_4QMahgKEwjws5yq28uWAxUAAAAAHQAAAAAQtgE\">www.AldoPortugal.com<\/a>.ar &#8211; <a class=\"ng-star-inserted\" href=\"https:\/\/www.LaRiojaChayera.com\" target=\"_blank\" rel=\"noopener\" data-hveid=\"0\" data-ved=\"0CAAQ_4QMahgKEwjws5yq28uWAxUAAAAAHQAAAAAQtwE\">www.LaRiojaChayera.com<\/a>.ar<\/p>\n<p data-path-to-node=\"7\">Canal de YouTube: @AldoPortugal24<\/p>\n","protected":false},"excerpt":{"rendered":"<p>El Nevado de Famatina participar\u00e1 del certamen \u00abMonta\u00f1a Tur\u00edstica de Fama Mundial 2026\u00bb de la&#8230;<\/p>\n","protected":false},"author":1,"featured_media":48419,"comment_status":"closed","ping_status":"closed","sticky":true,"template":"","format":"standard","meta":{"ngg_post_thumbnail":0,"footnotes":""},"categories":[1,3],"tags":[],"_links":{"self":[{"href":"https:\/\/www.matizando.com.ar\/index.php?rest_route=\/wp\/v2\/posts\/48418"}],"collection":[{"href":"https:\/\/www.matizando.com.ar\/index.php?rest_route=\/wp\/v2\/posts"}],"about":[{"href":"https:\/\/www.matizando.com.ar\/index.php?rest_route=\/wp\/v2\/types\/post"}],"author":[{"embeddable":true,"href":"https:\/\/www.matizando.com.ar\/index.php?rest_route=\/wp\/v2\/users\/1"}],"replies":[{"embeddable":true,"href":"https:\/\/www.matizando.com.ar\/index.php?rest_route=%2Fwp%2Fv2%2Fcomments&post=48418"}],"version-history":[{"count":1,"href":"https:\/\/www.matizando.com.ar\/index.php?rest_route=\/wp\/v2\/posts\/48418\/revisions"}],"predecessor-version":[{"id":48420,"href":"https:\/\/www.matizando.com.ar\/index.php?rest_route=\/wp\/v2\/posts\/48418\/revisions\/48420"}],"wp:featuredmedia":[{"embeddable":true,"href":"https:\/\/www.matizando.com.ar\/index.php?rest_route=\/wp\/v2\/media\/48419"}],"wp:attachment":[{"href":"https:\/\/www.matizando.com.ar\/index.php?rest_route=%2Fwp%2Fv2%2Fmedia&parent=48418"}],"wp:term":[{"taxonomy":"category","embeddable":true,"href":"https:\/\/www.matizando.com.ar\/index.php?rest_route=%2Fwp%2Fv2%2Fcategories&post=48418"},{"taxonomy":"post_tag","embeddable":true,"href":"https:\/\/www.matizando.com.ar\/index.php?rest_route=%2Fwp%2Fv2%2Ftags&post=48418"}],"curies":[{"name":"wp","href":"https:\/\/api.w.org\/{rel}","templated":true}]}}