{"id":48415,"date":"2026-09-01T21:24:57","date_gmt":"2026-09-01T21:24:57","guid":{"rendered":"https:\/\/www.matizando.com.ar\/?p=48415"},"modified":"2026-09-01T21:25:04","modified_gmt":"2026-09-01T21:25:04","slug":"el-colegio-n-o-1-representara-a-la-rioja-en-la-copa-robotica","status":"publish","type":"post","link":"https:\/\/www.matizando.com.ar\/?p=48415","title":{"rendered":"El Colegio N.\u00ba 1 representar\u00e1 a La Rioja en la Copa Rob\u00f3tica"},"content":{"rendered":"<p data-path-to-node=\"1\">Dos equipos del Colegio Provincial N.\u00b0 1 \u00abJoaqu\u00edn V. Gonz\u00e1lez\u00bb clasificaron a la final nacional de la Copa Rob\u00f3tica Educabot 2026. Competir\u00e1n el 25 y 26 de septiembre en Neuqu\u00e9n.<\/p>\n<p data-path-to-node=\"2\">En una semifinal desarrollada en el Paseo Cultural Castro Barros, La Rioja defin\u00f3 a sus representantes para la instancia nacional de la Copa Rob\u00f3tica Educabot 2026. Entre los 30 equipos semifinalistas de Capital y del interior, resultaron ganadores los Equipos N.\u00ba 6 y N.\u00ba 2, ambos pertenecientes al Colegio Provincial N.\u00ba 1 \u00abJoaqu\u00edn V\u00edctor Gonz\u00e1lez\u00bb de la Capital, bajo la tutor\u00eda de las docentes Anah\u00ed M\u00e9ndez y Carolina Godoy.<\/p>\n<p data-path-to-node=\"3\">El certamen, que reuni\u00f3 inicialmente a m\u00e1s de 80 grupos de estudiantes secundarios de toda la provincia, cont\u00f3 con la organizaci\u00f3n directa del Estado provincial. Durante la jornada, la vicegobernadora Teresita Madera declar\u00f3 la actividad de Inter\u00e9s Legislativo, destacando que los desaf\u00edos de armado y programaci\u00f3n de los robots estuvieron enfocados en la tem\u00e1tica de las energ\u00edas renovables y la econom\u00eda del conocimiento.<\/p>\n<p data-path-to-node=\"4\">Por su parte, el ministro de Educaci\u00f3n, Ariel Mart\u00ednez, remarc\u00f3 que la rob\u00f3tica educativa se consolid\u00f3 como una pol\u00edtica p\u00fablica de Estado orientada a formar a los j\u00f3venes en tecnolog\u00eda e innovaci\u00f3n. Los alumnos clasificados viajar\u00e1n a Neuqu\u00e9n a fines de septiembre para medirse con representantes de las dem\u00e1s provincias del pa\u00eds.<\/p>\n<p data-path-to-node=\"6\">Redacci\u00f3n: <a class=\"ng-star-inserted\" href=\"https:\/\/www.Matizando.com\" target=\"_blank\" rel=\"noopener\" data-hveid=\"0\" data-ved=\"0CAAQ_4QMahgKEwjws5yq28uWAxUAAAAAHQAAAAAQmgE\">www.Matizando.com<\/a>.ar<\/p>\n<p data-path-to-node=\"6\">Correo: prensalarioja@yahoo.com.ar<\/p>\n<p data-path-to-node=\"6\">Portales Asociados: <a class=\"ng-star-inserted\" href=\"https:\/\/www.AldoPortugal.com\" target=\"_blank\" rel=\"noopener\" data-hveid=\"0\" data-ved=\"0CAAQ_4QMahgKEwjws5yq28uWAxUAAAAAHQAAAAAQmwE\">www.AldoPortugal.com<\/a>.ar &#8211; <a class=\"ng-star-inserted\" href=\"https:\/\/www.LaRiojaChayera.com\" target=\"_blank\" rel=\"noopener\" data-hveid=\"0\" data-ved=\"0CAAQ_4QMahgKEwjws5yq28uWAxUAAAAAHQAAAAAQnAE\">www.LaRiojaChayera.com<\/a>.ar<\/p>\n<p data-path-to-node=\"6\">Canal de YouTube: @AldoPortugal24<\/p>\n","protected":false},"excerpt":{"rendered":"<p>Dos equipos del Colegio Provincial N.\u00b0 1 \u00abJoaqu\u00edn V. Gonz\u00e1lez\u00bb clasificaron a la final nacional&#8230;<\/p>\n","protected":false},"author":1,"featured_media":48416,"comment_status":"closed","ping_status":"closed","sticky":true,"template":"","format":"standard","meta":{"ngg_post_thumbnail":0,"footnotes":""},"categories":[1,3],"tags":[],"_links":{"self":[{"href":"https:\/\/www.matizando.com.ar\/index.php?rest_route=\/wp\/v2\/posts\/48415"}],"collection":[{"href":"https:\/\/www.matizando.com.ar\/index.php?rest_route=\/wp\/v2\/posts"}],"about":[{"href":"https:\/\/www.matizando.com.ar\/index.php?rest_route=\/wp\/v2\/types\/post"}],"author":[{"embeddable":true,"href":"https:\/\/www.matizando.com.ar\/index.php?rest_route=\/wp\/v2\/users\/1"}],"replies":[{"embeddable":true,"href":"https:\/\/www.matizando.com.ar\/index.php?rest_route=%2Fwp%2Fv2%2Fcomments&post=48415"}],"version-history":[{"count":1,"href":"https:\/\/www.matizando.com.ar\/index.php?rest_route=\/wp\/v2\/posts\/48415\/revisions"}],"predecessor-version":[{"id":48417,"href":"https:\/\/www.matizando.com.ar\/index.php?rest_route=\/wp\/v2\/posts\/48415\/revisions\/48417"}],"wp:featuredmedia":[{"embeddable":true,"href":"https:\/\/www.matizando.com.ar\/index.php?rest_route=\/wp\/v2\/media\/48416"}],"wp:attachment":[{"href":"https:\/\/www.matizando.com.ar\/index.php?rest_route=%2Fwp%2Fv2%2Fmedia&parent=48415"}],"wp:term":[{"taxonomy":"category","embeddable":true,"href":"https:\/\/www.matizando.com.ar\/index.php?rest_route=%2Fwp%2Fv2%2Fcategories&post=48415"},{"taxonomy":"post_tag","embeddable":true,"href":"https:\/\/www.matizando.com.ar\/index.php?rest_route=%2Fwp%2Fv2%2Ftags&post=48415"}],"curies":[{"name":"wp","href":"https:\/\/api.w.org\/{rel}","templated":true}]}}