{"id":48412,"date":"2026-09-01T21:12:59","date_gmt":"2026-09-01T21:12:59","guid":{"rendered":"https:\/\/www.matizando.com.ar\/?p=48412"},"modified":"2026-09-01T21:23:27","modified_gmt":"2026-09-01T21:23:27","slug":"el-plan-angelelli-entrego-una-nueva-casa-en-el-barrio-santa-barbara","status":"publish","type":"post","link":"https:\/\/www.matizando.com.ar\/?p=48412","title":{"rendered":"El Plan Angelelli entreg\u00f3 una nueva casa en el barrio Santa B\u00e1rbara"},"content":{"rendered":"<div class=\"container\">\n<div id=\"model-response-message-contentr_1589b742dc52179e\" class=\"markdown markdown-main-panel md-content enable-luminous-fast-follows enable-updated-hr-color\" dir=\"ltr\" aria-busy=\"false\" aria-live=\"polite\">\n<p data-path-to-node=\"1\">La familia de Zaira y Brian recibi\u00f3 la llave de su hogar en la Capital. La diputada Gabriela Pedrali remarc\u00f3 la importancia de sostener la pol\u00edtica habitacional ante la crisis actual.<\/p>\n<p data-path-to-node=\"2\">El Gobierno de La Rioja concret\u00f3 la entrega de una soluci\u00f3n habitacional del Plan Angelelli en el barrio Santa B\u00e1rbara de la ciudad Capital. La iniciativa provincial benefici\u00f3 al grupo familiar integrado por Zaira, Brian y su hija Ail\u00edn, garantiz\u00e1ndoles el acceso a una vivienda propia y mejorando sus condiciones de vida.<\/p>\n<p data-path-to-node=\"3\">La ceremonia estuvo encabezada por la diputada nacional Gabriela Pedrali, creadora e impulsora del programa provincial. Durante el acto, Pedrali remarc\u00f3 la decisi\u00f3n de la gesti\u00f3n de sostener la construcci\u00f3n de viviendas como una prioridad de Estado, destacando que detr\u00e1s de cada adjudicaci\u00f3n existe una labor orientada a la contenci\u00f3n social de los sectores m\u00e1s vulnerables.<\/p>\n<p data-path-to-node=\"4\">Por su parte, los adjudicatarios manifestaron su emoci\u00f3n al recibir las llaves del inmueble, valorando el impacto positivo de la obra en el sector y la importancia de contar con un techo propio para el desarrollo de su hija. El Plan Angelelli contin\u00faa ejecutando intervenciones edilicias e infraestructura b\u00e1sica en diversos sectores del territorio riojano.<\/p>\n<p data-path-to-node=\"5\">Con esta acci\u00f3n, la provincia reafirma el desarrollo del plan habitacional, enfocado en dar respuestas de h\u00e1bitat integral e integraci\u00f3n comunitaria a familias que no poseen los recursos para acceder al mercado inmobiliario formal.<\/p>\n<p data-path-to-node=\"7\">Redacci\u00f3n: <a class=\"ng-star-inserted\" href=\"https:\/\/www.Matizando.com\" target=\"_blank\" rel=\"noopener\" data-hveid=\"0\" data-ved=\"0CAAQ_4QMahcKEwjws5yq28uWAxUAAAAAHQAAAAAQfw\">www.Matizando.com<\/a>.ar<\/p>\n<p data-path-to-node=\"7\">Correo: prensalarioja@yahoo.com.ar<\/p>\n<p data-path-to-node=\"7\">Portales Asociados: <a class=\"ng-star-inserted\" href=\"https:\/\/www.AldoPortugal.com\" target=\"_blank\" rel=\"noopener\" data-hveid=\"0\" data-ved=\"0CAAQ_4QMahgKEwjws5yq28uWAxUAAAAAHQAAAAAQgAE\">www.AldoPortugal.com<\/a>.ar &#8211; <a class=\"ng-star-inserted\" href=\"https:\/\/www.LaRiojaChayera.com\" target=\"_blank\" rel=\"noopener\" data-hveid=\"0\" data-ved=\"0CAAQ_4QMahgKEwjws5yq28uWAxUAAAAAHQAAAAAQgQE\">www.LaRiojaChayera.com<\/a>.ar<\/p>\n<p data-path-to-node=\"7\">Canal de YouTube: @AldoPortugal24<\/p>\n<\/div>\n<\/div>\n","protected":false},"excerpt":{"rendered":"<p>La familia de Zaira y Brian recibi\u00f3 la llave de su hogar en la Capital&#8230;.<\/p>\n","protected":false},"author":1,"featured_media":48413,"comment_status":"closed","ping_status":"closed","sticky":true,"template":"","format":"standard","meta":{"ngg_post_thumbnail":0,"footnotes":""},"categories":[1,3],"tags":[],"_links":{"self":[{"href":"https:\/\/www.matizando.com.ar\/index.php?rest_route=\/wp\/v2\/posts\/48412"}],"collection":[{"href":"https:\/\/www.matizando.com.ar\/index.php?rest_route=\/wp\/v2\/posts"}],"about":[{"href":"https:\/\/www.matizando.com.ar\/index.php?rest_route=\/wp\/v2\/types\/post"}],"author":[{"embeddable":true,"href":"https:\/\/www.matizando.com.ar\/index.php?rest_route=\/wp\/v2\/users\/1"}],"replies":[{"embeddable":true,"href":"https:\/\/www.matizando.com.ar\/index.php?rest_route=%2Fwp%2Fv2%2Fcomments&post=48412"}],"version-history":[{"count":1,"href":"https:\/\/www.matizando.com.ar\/index.php?rest_route=\/wp\/v2\/posts\/48412\/revisions"}],"predecessor-version":[{"id":48414,"href":"https:\/\/www.matizando.com.ar\/index.php?rest_route=\/wp\/v2\/posts\/48412\/revisions\/48414"}],"wp:featuredmedia":[{"embeddable":true,"href":"https:\/\/www.matizando.com.ar\/index.php?rest_route=\/wp\/v2\/media\/48413"}],"wp:attachment":[{"href":"https:\/\/www.matizando.com.ar\/index.php?rest_route=%2Fwp%2Fv2%2Fmedia&parent=48412"}],"wp:term":[{"taxonomy":"category","embeddable":true,"href":"https:\/\/www.matizando.com.ar\/index.php?rest_route=%2Fwp%2Fv2%2Fcategories&post=48412"},{"taxonomy":"post_tag","embeddable":true,"href":"https:\/\/www.matizando.com.ar\/index.php?rest_route=%2Fwp%2Fv2%2Ftags&post=48412"}],"curies":[{"name":"wp","href":"https:\/\/api.w.org\/{rel}","templated":true}]}}