{"id":48400,"date":"2026-09-01T11:40:53","date_gmt":"2026-09-01T11:40:53","guid":{"rendered":"https:\/\/www.matizando.com.ar\/?p=48400"},"modified":"2026-09-01T11:42:09","modified_gmt":"2026-09-01T11:42:09","slug":"capital-planto-mas-de-200-arboles-durante-agosto","status":"publish","type":"post","link":"https:\/\/www.matizando.com.ar\/?p=48400","title":{"rendered":"Capital plant\u00f3 m\u00e1s de 200 \u00e1rboles durante agosto"},"content":{"rendered":"<p class=\"isSelectedEnd\"><strong>El Municipio Capital desarroll\u00f3 un plan de forestaci\u00f3n en distintos barrios y espacios p\u00fablicos de la ciudad. Como cierre de las actividades, el intendente Armando Molina encabez\u00f3 una jornada en las sedes de la UNLaR, la UTN y Barcel\u00f3, donde se colocaron 30 ejemplares de especies nativas y adaptadas a la regi\u00f3n.<\/strong><\/p>\n<p class=\"isSelectedEnd\">En el marco del D\u00eda Nacional del \u00c1rbol, el Municipio Capital intensific\u00f3 durante agosto las acciones de forestaci\u00f3n en diferentes sectores de la ciudad, alcanzando <strong>m\u00e1s de 200 \u00e1rboles plantados<\/strong>.<\/p>\n<p class=\"isSelectedEnd\">La iniciativa tuvo como objetivo fortalecer la conciencia ambiental, recuperar y ampliar los espacios verdes y promover entre la comunidad el compromiso con el cuidado del ambiente.<\/p>\n<p class=\"isSelectedEnd\">Como cierre del cronograma, el intendente <strong>Armando Molina<\/strong> encabez\u00f3 un operativo de forestaci\u00f3n en las sedes de la Universidad Nacional de La Rioja (UNLaR), la Universidad Tecnol\u00f3gica Nacional (UTN) y la Fundaci\u00f3n Barcel\u00f3, donde fueron colocados <strong>30 ejemplares de algarrobo, pezu\u00f1a de vaca, turbinto y lapacho<\/strong>.<\/p>\n<p class=\"isSelectedEnd\">La propuesta busca no solamente incorporar nuevos ejemplares al arbolado urbano, sino tambi\u00e9n generar conciencia sobre el papel que cumplen los \u00e1rboles en la calidad ambiental y en la construcci\u00f3n de ciudades m\u00e1s sostenibles.<\/p>\n<p class=\"isSelectedEnd\">\u201c<strong>Plantamos futuro. Cada \u00e1rbol es un compromiso con el ambiente y con las pr\u00f3ximas generaciones<\/strong>\u201d, expres\u00f3 Molina durante la jornada.<\/p>\n<p class=\"isSelectedEnd\">Desde el Municipio se\u00f1alaron que las acciones de forestaci\u00f3n forman parte de una pol\u00edtica orientada a fortalecer el arbolado urbano y promover la participaci\u00f3n de la comunidad en el cuidado de los espacios p\u00fablicos.<\/p>\n<p class=\"isSelectedEnd\">M\u00e1s de 200 \u00e1rboles quedaron as\u00ed incorporados durante agosto al paisaje de la ciudad.<\/p>\n<p class=\"isSelectedEnd\">Porque plantar un \u00e1rbol no es solamente colocar una especie en la tierra.<\/p>\n<p class=\"isSelectedEnd\"><strong>Es pensar en la sombra que dar\u00e1 ma\u00f1ana, en el aire que respirar\u00e1n otros y en la ciudad que estamos construyendo para las pr\u00f3ximas generaciones.<\/strong><\/p>\n<p>&#x1f310; <a href=\"http:\/\/www.aldoportugal.com.ar\">www.aldoportugal.com.ar<\/a><br \/>\n&#x1f4fa; Canal de YouTube: Aldo Portugal<br \/>\n&#x1f4d8; Facebook: Matizando \u2013 Aldo Portugal<br \/>\n&#x1f4f7; Instagram: @aldoportugal_<br \/>\n&#x1f426; X: @AldoPortugal<\/p>\n","protected":false},"excerpt":{"rendered":"<p>El Municipio Capital desarroll\u00f3 un plan de forestaci\u00f3n en distintos barrios y espacios p\u00fablicos de&#8230;<\/p>\n","protected":false},"author":1,"featured_media":48401,"comment_status":"closed","ping_status":"closed","sticky":true,"template":"","format":"standard","meta":{"ngg_post_thumbnail":0,"footnotes":""},"categories":[1,3],"tags":[],"_links":{"self":[{"href":"https:\/\/www.matizando.com.ar\/index.php?rest_route=\/wp\/v2\/posts\/48400"}],"collection":[{"href":"https:\/\/www.matizando.com.ar\/index.php?rest_route=\/wp\/v2\/posts"}],"about":[{"href":"https:\/\/www.matizando.com.ar\/index.php?rest_route=\/wp\/v2\/types\/post"}],"author":[{"embeddable":true,"href":"https:\/\/www.matizando.com.ar\/index.php?rest_route=\/wp\/v2\/users\/1"}],"replies":[{"embeddable":true,"href":"https:\/\/www.matizando.com.ar\/index.php?rest_route=%2Fwp%2Fv2%2Fcomments&post=48400"}],"version-history":[{"count":1,"href":"https:\/\/www.matizando.com.ar\/index.php?rest_route=\/wp\/v2\/posts\/48400\/revisions"}],"predecessor-version":[{"id":48402,"href":"https:\/\/www.matizando.com.ar\/index.php?rest_route=\/wp\/v2\/posts\/48400\/revisions\/48402"}],"wp:featuredmedia":[{"embeddable":true,"href":"https:\/\/www.matizando.com.ar\/index.php?rest_route=\/wp\/v2\/media\/48401"}],"wp:attachment":[{"href":"https:\/\/www.matizando.com.ar\/index.php?rest_route=%2Fwp%2Fv2%2Fmedia&parent=48400"}],"wp:term":[{"taxonomy":"category","embeddable":true,"href":"https:\/\/www.matizando.com.ar\/index.php?rest_route=%2Fwp%2Fv2%2Fcategories&post=48400"},{"taxonomy":"post_tag","embeddable":true,"href":"https:\/\/www.matizando.com.ar\/index.php?rest_route=%2Fwp%2Fv2%2Ftags&post=48400"}],"curies":[{"name":"wp","href":"https:\/\/api.w.org\/{rel}","templated":true}]}}