{"id":48397,"date":"2026-09-01T11:13:18","date_gmt":"2026-09-01T11:13:18","guid":{"rendered":"https:\/\/www.matizando.com.ar\/?p=48397"},"modified":"2026-09-01T11:39:58","modified_gmt":"2026-09-01T11:39:58","slug":"adultos-mayores-de-arauco-disfrutaron-del-programa-legistour-en-la-capital","status":"publish","type":"post","link":"https:\/\/www.matizando.com.ar\/?p=48397","title":{"rendered":"Adultos mayores de Arauco disfrutaron del programa LegisTour en la Capital"},"content":{"rendered":"<p data-path-to-node=\"1\">Una comitiva de abuelas y abuelos del departamento Arauco concret\u00f3 una enriquecedora jornada institucional y cultural en la ciudad Capital, encabezada por la vicegobernadora Tere Madera y el diputado provincial Pablo \u201cPapucho\u201d Leo.<\/p>\n<p data-path-to-node=\"2\">La actividad form\u00f3 parte del programa LegisTour, una iniciativa impulsada por la Vicegobernaci\u00f3n que abre las puertas de la Legislatura Provincial a adultos mayores de distintos puntos de la provincia, facilitando recorridos guiados por los sitios emblem\u00e1ticos del patrimonio cultural y religioso riojano.<\/p>\n<p data-path-to-node=\"3\">Durante la recepci\u00f3n, las y los integrantes de la delegaci\u00f3n expresaron su agradecimiento por el acompa\u00f1amiento y la calidez recibida por parte del equipo organizador. Varios de los participantes destacaron con emoci\u00f3n que fue su primera oportunidad para acceder a las instalaciones del Poder Legislativo y explorar los principales atractivos hist\u00f3ricos de la ciudad.<\/p>\n<p data-path-to-node=\"4\">Redacci\u00f3n: <a class=\"ng-star-inserted\" href=\"https:\/\/www.google.com\/search?q=https%3A%2F%2Fwww.Matizando.com\" target=\"_blank\" rel=\"noopener\" data-hveid=\"0\" data-ved=\"0CAAQ_4QMahcKEwiL8rPAm82WAxUAAAAAHQAAAAAQOg\">www.Matizando.com<\/a>.ar Correo: prensalarioja@yahoo.com.ar Portales Asociados: <a class=\"ng-star-inserted\" href=\"https:\/\/www.google.com\/search?q=https%3A%2F%2Fwww.AldoPortugal.com\" target=\"_blank\" rel=\"noopener\" data-hveid=\"0\" data-ved=\"0CAAQ_4QMahcKEwiL8rPAm82WAxUAAAAAHQAAAAAQOw\">www.AldoPortugal.com<\/a>.ar &#8211; <a class=\"ng-star-inserted\" href=\"https:\/\/www.google.com\/search?q=https%3A%2F%2Fwww.LaRiojaChayera.com\" target=\"_blank\" rel=\"noopener\" data-hveid=\"0\" data-ved=\"0CAAQ_4QMahcKEwiL8rPAm82WAxUAAAAAHQAAAAAQPA\">www.LaRiojaChayera.com<\/a>.ar Canal de YouTube: @AldoPortugal24<\/p>\n","protected":false},"excerpt":{"rendered":"<p>Una comitiva de abuelas y abuelos del departamento Arauco concret\u00f3 una enriquecedora jornada institucional y&#8230;<\/p>\n","protected":false},"author":1,"featured_media":48398,"comment_status":"closed","ping_status":"closed","sticky":true,"template":"","format":"standard","meta":{"ngg_post_thumbnail":0,"footnotes":""},"categories":[1,3],"tags":[],"_links":{"self":[{"href":"https:\/\/www.matizando.com.ar\/index.php?rest_route=\/wp\/v2\/posts\/48397"}],"collection":[{"href":"https:\/\/www.matizando.com.ar\/index.php?rest_route=\/wp\/v2\/posts"}],"about":[{"href":"https:\/\/www.matizando.com.ar\/index.php?rest_route=\/wp\/v2\/types\/post"}],"author":[{"embeddable":true,"href":"https:\/\/www.matizando.com.ar\/index.php?rest_route=\/wp\/v2\/users\/1"}],"replies":[{"embeddable":true,"href":"https:\/\/www.matizando.com.ar\/index.php?rest_route=%2Fwp%2Fv2%2Fcomments&post=48397"}],"version-history":[{"count":1,"href":"https:\/\/www.matizando.com.ar\/index.php?rest_route=\/wp\/v2\/posts\/48397\/revisions"}],"predecessor-version":[{"id":48399,"href":"https:\/\/www.matizando.com.ar\/index.php?rest_route=\/wp\/v2\/posts\/48397\/revisions\/48399"}],"wp:featuredmedia":[{"embeddable":true,"href":"https:\/\/www.matizando.com.ar\/index.php?rest_route=\/wp\/v2\/media\/48398"}],"wp:attachment":[{"href":"https:\/\/www.matizando.com.ar\/index.php?rest_route=%2Fwp%2Fv2%2Fmedia&parent=48397"}],"wp:term":[{"taxonomy":"category","embeddable":true,"href":"https:\/\/www.matizando.com.ar\/index.php?rest_route=%2Fwp%2Fv2%2Fcategories&post=48397"},{"taxonomy":"post_tag","embeddable":true,"href":"https:\/\/www.matizando.com.ar\/index.php?rest_route=%2Fwp%2Fv2%2Ftags&post=48397"}],"curies":[{"name":"wp","href":"https:\/\/api.w.org\/{rel}","templated":true}]}}