{"id":48395,"date":"2026-09-01T11:09:02","date_gmt":"2026-09-01T11:09:02","guid":{"rendered":"https:\/\/www.matizando.com.ar\/?p=48395"},"modified":"2026-09-01T11:12:10","modified_gmt":"2026-09-01T11:12:10","slug":"nuevos-incrementos-en-los-servicios-publicos-claves","status":"publish","type":"post","link":"https:\/\/www.matizando.com.ar\/?p=48395","title":{"rendered":"Nuevos incrementos en los servicios p\u00fablicos claves"},"content":{"rendered":"<p data-path-to-node=\"0\"><b data-path-to-node=\"0\" data-index-in-node=\"0\">El impacto tarifario en todo el pa\u00eds<\/b><\/p>\n<p data-path-to-node=\"1\">Septiembre se consolida con un nuevo cuadro de ajustes en el costo de los servicios y prestaciones esenciales que impactar\u00e1 en el bolsillo de los usuarios a nivel nacional, abarcando tanto los marcos regulatorios federales como las realidades provinciales.<\/p>\n<h3 id=\"p-rc_506e68f680a61502-22\" data-path-to-node=\"3\"><span class=\"citation-11 citation-end-11\">Ajustes en los servicios con alcance nacional<\/span><\/h3>\n<p data-path-to-node=\"4\">A diferencia de las medidas locales focalizadas \u00fanicamente en la Regi\u00f3n Metropolitana, las resoluciones oficiales del Gobierno Nacional establecen lineamientos generales para el sistema energ\u00e9tico e infraestructura que alcanzan a todas las provincias:<\/p>\n<ul data-path-to-node=\"5\">\n<li>\n<p id=\"p-rc_506e68f680a61502-23\" data-path-to-node=\"5,0,0\"><b data-path-to-node=\"5,0,0\" data-index-in-node=\"0\"><span class=\"citation-10 citation-end-10\">Energ\u00eda El\u00e9ctrica:<\/span><\/b> Se dispuso un ajuste en el PEST (Precio Estacional de la Energ\u00eda El\u00e9ctrica). En las provincias, el monto final de la factura depende de la combinaci\u00f3n entre este costo mayorista fijado por la Secretar\u00eda de Energ\u00eda y el Valor Agregado de Distribuci\u00f3n (VAD) autorizado por el ente regulador de cada jurisdicci\u00f3n. Asimismo, se mantienen vigentes las pautas estacionales de subsidios basadas en el Registro de Acceso a los Subsidios a la Energ\u00eda (RASE).<\/p>\n<\/li>\n<li>\n<p id=\"p-rc_506e68f680a61502-24\" data-path-to-node=\"5,1,0\"><b data-path-to-node=\"5,1,0\" data-index-in-node=\"0\"><span class=\"citation-9 citation-end-9\">Gas Natural:<\/span><\/b> La actualizaci\u00f3n del valor del gas en punto de ingreso al sistema de transporte (PIST) registra incrementos promedio a escala federal. Cada distribuidora provincial o regional traslada dicho costo junto con las tarifas bimestrales fijadas para su zona de concesi\u00f3n.<\/p>\n<\/li>\n<li>\n<p data-path-to-node=\"5,2,0\"><b data-path-to-node=\"5,2,0\" data-index-in-node=\"0\">Medicina Prepaga:<\/b> Las empresas reguladas por la Superintendencia de Servicios de Salud aplican incrementos autorizados a nivel nacional que alcanzan a los afiliados de todas las provincias.<\/p>\n<\/li>\n<li>\n<p data-path-to-node=\"5,3,0\"><b data-path-to-node=\"5,3,0\" data-index-in-node=\"0\">Combustibles:<\/b> El ajuste progresivo en los componentes impositivos sobre la nafta y el gasoil impacta de manera directa en el expendio en estaciones de servicio a lo largo de todo el territorio argentino.<\/p>\n<\/li>\n<\/ul>\n<h3 data-path-to-node=\"7\">La din\u00e1mica en el interior de Argentina<\/h3>\n<p data-path-to-node=\"8\">El costo final de los servicios en las distintas provincias responde a una l\u00f3gica federal descentralizada. La electricidad, el agua potable y los transportes urbanos fuera del AMBA est\u00e1n bajo la supervisi\u00f3n de las autoridades provinciales y municipales.<\/p>\n<p data-path-to-node=\"9\">En consecuencia, cada entidad reguladora provincial traslada las variaciones del mercado mayorista nacional y aprueba sus propios cuadros tarifarios para cubrir los costos operativos locales, la distribuci\u00f3n territorial y la generaci\u00f3n aislada. Esto genera variaciones dispares en las boletas finales seg\u00fan el nivel de consumo, la categor\u00eda del usuario y los esquemas de asistencia local aplicados en cada provincia.<\/p>\n<p data-path-to-node=\"10\">Redacci\u00f3n: <a class=\"ng-star-inserted\" href=\"https:\/\/www.matizando.com\/\" target=\"_blank\" rel=\"noopener\" data-hveid=\"0\" data-ved=\"0CAAQ_4QMahcKEwiL8rPAm82WAxUAAAAAHQAAAAAQGA\">www.Matizando.com<\/a>.ar Correo: prensalarioja@yahoo.com.ar Portales Asociados: <a class=\"ng-star-inserted\" href=\"https:\/\/www.aldoportugal.com\/\" target=\"_blank\" rel=\"noopener\" data-hveid=\"0\" data-ved=\"0CAAQ_4QMahcKEwiL8rPAm82WAxUAAAAAHQAAAAAQGQ\">www.AldoPortugal.com<\/a>.ar &#8211; <a class=\"ng-star-inserted\" href=\"https:\/\/www.lariojachayera.com\/\" target=\"_blank\" rel=\"noopener\" data-hveid=\"0\" data-ved=\"0CAAQ_4QMahcKEwiL8rPAm82WAxUAAAAAHQAAAAAQGg\">www.LaRiojaChayera.com<\/a>.ar Canal de YouTube: @AldoPortugal24<\/p>\n","protected":false},"excerpt":{"rendered":"<p>El impacto tarifario en todo el pa\u00eds Septiembre se consolida con un nuevo cuadro de&#8230;<\/p>\n","protected":false},"author":1,"featured_media":13201,"comment_status":"closed","ping_status":"closed","sticky":true,"template":"","format":"standard","meta":{"ngg_post_thumbnail":0,"footnotes":""},"categories":[1,3],"tags":[],"_links":{"self":[{"href":"https:\/\/www.matizando.com.ar\/index.php?rest_route=\/wp\/v2\/posts\/48395"}],"collection":[{"href":"https:\/\/www.matizando.com.ar\/index.php?rest_route=\/wp\/v2\/posts"}],"about":[{"href":"https:\/\/www.matizando.com.ar\/index.php?rest_route=\/wp\/v2\/types\/post"}],"author":[{"embeddable":true,"href":"https:\/\/www.matizando.com.ar\/index.php?rest_route=\/wp\/v2\/users\/1"}],"replies":[{"embeddable":true,"href":"https:\/\/www.matizando.com.ar\/index.php?rest_route=%2Fwp%2Fv2%2Fcomments&post=48395"}],"version-history":[{"count":1,"href":"https:\/\/www.matizando.com.ar\/index.php?rest_route=\/wp\/v2\/posts\/48395\/revisions"}],"predecessor-version":[{"id":48396,"href":"https:\/\/www.matizando.com.ar\/index.php?rest_route=\/wp\/v2\/posts\/48395\/revisions\/48396"}],"wp:featuredmedia":[{"embeddable":true,"href":"https:\/\/www.matizando.com.ar\/index.php?rest_route=\/wp\/v2\/media\/13201"}],"wp:attachment":[{"href":"https:\/\/www.matizando.com.ar\/index.php?rest_route=%2Fwp%2Fv2%2Fmedia&parent=48395"}],"wp:term":[{"taxonomy":"category","embeddable":true,"href":"https:\/\/www.matizando.com.ar\/index.php?rest_route=%2Fwp%2Fv2%2Fcategories&post=48395"},{"taxonomy":"post_tag","embeddable":true,"href":"https:\/\/www.matizando.com.ar\/index.php?rest_route=%2Fwp%2Fv2%2Ftags&post=48395"}],"curies":[{"name":"wp","href":"https:\/\/api.w.org\/{rel}","templated":true}]}}