{"id":48393,"date":"2026-09-01T10:59:38","date_gmt":"2026-09-01T10:59:38","guid":{"rendered":"https:\/\/www.matizando.com.ar\/?p=48393"},"modified":"2026-09-01T10:59:50","modified_gmt":"2026-09-01T10:59:50","slug":"messi-le-puso-punto-final-a-su-historia-con-la-seleccion-argentina","status":"publish","type":"post","link":"https:\/\/www.matizando.com.ar\/?p=48393","title":{"rendered":"Messi le puso punto final a su historia con la Selecci\u00f3n Argentina"},"content":{"rendered":"<p class=\"isSelectedEnd\"><strong>Despu\u00e9s de 21 a\u00f1os defendiendo la camiseta albiceleste, Lionel Messi anunci\u00f3 su retiro del seleccionado. \u201cMe vaci\u00e9, ya no tengo m\u00e1s para dar\u201d, expres\u00f3 el capit\u00e1n, que se despide con un legado que cambi\u00f3 para siempre la historia del f\u00fatbol argentino.<\/strong><\/p>\n<p class=\"isSelectedEnd\">Hay despedidas que anuncian el final de una carrera. Y hay otras que marcan el cierre de una \u00e9poca.<\/p>\n<p class=\"isSelectedEnd\">Lionel Messi decidi\u00f3 ponerle punto final a su historia con la Selecci\u00f3n Argentina. El capit\u00e1n comunic\u00f3 su retiro a trav\u00e9s de una emotiva carta publicada en sus redes sociales, despu\u00e9s de una trayectoria de m\u00e1s de dos d\u00e9cadas con la camiseta que alguna vez so\u00f1\u00f3 vestir y que termin\u00f3 convirti\u00e9ndolo en uno de los m\u00e1ximos s\u00edmbolos deportivos del pa\u00eds.<\/p>\n<p class=\"isSelectedEnd\">\u201cDespu\u00e9s de este tiempo que pas\u00f3 desde la final, pens\u00e1ndolo mucho, quiero comunicarles a todos que me retiro de la Selecci\u00f3n\u201d, escribi\u00f3 Messi.<\/p>\n<p class=\"isSelectedEnd\">La decisi\u00f3n llega despu\u00e9s del Mundial 2026, donde Argentina alcanz\u00f3 nuevamente la final y cay\u00f3 ante Espa\u00f1a. Para Messi, aquel partido signific\u00f3 el \u00faltimo cap\u00edtulo de una historia que comenz\u00f3 en 2005 y que atraves\u00f3 triunfos, derrotas, cr\u00edticas, frustraciones y una transformaci\u00f3n que termin\u00f3 modificando para siempre la relaci\u00f3n entre el jugador y el pueblo argentino.<\/p>\n<h2>De las dudas a la gloria<\/h2>\n<p class=\"isSelectedEnd\">Durante sus primeros a\u00f1os con la Selecci\u00f3n, Messi tuvo que soportar comparaciones, cuestionamientos y una exigencia permanente. El talento que maravillaba al mundo con Barcelona parec\u00eda no alcanzar para conquistar definitivamente al p\u00fablico argentino.<\/p>\n<p class=\"isSelectedEnd\">Perdi\u00f3 finales. Fue cuestionado. Lleg\u00f3 incluso a anunciar su retiro despu\u00e9s de la Copa Am\u00e9rica Centenario 2016.<\/p>\n<p class=\"isSelectedEnd\">Pero volvi\u00f3.<\/p>\n<p class=\"isSelectedEnd\">Y sigui\u00f3 intentando.<\/p>\n<p class=\"isSelectedEnd\">Hasta que lleg\u00f3 la Copa Am\u00e9rica 2021. Despu\u00e9s la Finalissima. Y finalmente Qatar 2022, el t\u00edtulo que durante a\u00f1os parec\u00eda imposible y que termin\u00f3 coronando una historia de perseverancia.<\/p>\n<p class=\"isSelectedEnd\">Messi consigui\u00f3 aquello que hab\u00eda ido a buscar durante toda su vida: levantar la Copa del Mundo con Argentina.<\/p>\n<p class=\"isSelectedEnd\">Tambi\u00e9n gan\u00f3 nuevamente la Copa Am\u00e9rica en 2024 y lleg\u00f3 a una nueva final mundialista en 2026, completando una etapa internacional extraordinaria.<\/p>\n<h2>\u201cMe vaci\u00e9\u201d<\/h2>\n<p class=\"isSelectedEnd\">En su despedida, Messi dej\u00f3 una frase que resume el desgaste y, al mismo tiempo, la entrega de toda una generaci\u00f3n:<\/p>\n<p class=\"isSelectedEnd\"><strong>\u201cMe vaci\u00e9, ya no tengo m\u00e1s para dar y aparte vienen chicos muy grandes atr\u00e1s que merecen estar\u201d.<\/strong><\/p>\n<p class=\"isSelectedEnd\">No se trata solamente de cansancio f\u00edsico. Es tambi\u00e9n el reconocimiento de que las etapas se cumplen y de que el tiempo, incluso para los grandes, contin\u00faa avanzando.<\/p>\n<p class=\"isSelectedEnd\">Messi entendi\u00f3 que hab\u00eda llegado el momento de dejar espacio para los que vienen.<\/p>\n<p class=\"isSelectedEnd\">Pero tambi\u00e9n dej\u00f3 claro que el amor por la Selecci\u00f3n no termina con su retiro.<\/p>\n<p class=\"isSelectedEnd\">\u201cAhora voy a ser uno m\u00e1s de ustedes\u201d, expres\u00f3, dejando en claro que seguir\u00e1 acompa\u00f1ando a la Argentina desde otro lugar: como un hincha m\u00e1s.<\/p>\n<h2>207 partidos, 125 goles y una historia irrepetible<\/h2>\n<p class=\"isSelectedEnd\">Messi se despide de la Selecci\u00f3n Argentina con <strong>207 partidos y 125 goles<\/strong>, registros que lo ubican como el futbolista con m\u00e1s presencias y m\u00e1ximo goleador hist\u00f3rico del seleccionado.<\/p>\n<p class=\"isSelectedEnd\">Pero los n\u00fameros, aunque impresionantes, quedan peque\u00f1os frente a lo que representa su historia.<\/p>\n<p class=\"isSelectedEnd\">Porque Messi no solamente gan\u00f3 t\u00edtulos.<\/p>\n<p class=\"isSelectedEnd\">Tambi\u00e9n atraves\u00f3 momentos de derrota cuando ganar parec\u00eda una obligaci\u00f3n. Aprendi\u00f3 a convivir con la cr\u00edtica. Persisti\u00f3 cuando muchos consideraban que su historia con Argentina estaba terminada.<\/p>\n<p class=\"isSelectedEnd\">Y finalmente consigui\u00f3 transformar la frustraci\u00f3n en gloria.<\/p>\n<h2>El adi\u00f3s de un capit\u00e1n<\/h2>\n<p class=\"isSelectedEnd\">Ahora la camiseta n\u00famero 10 queda frente a un nuevo desaf\u00edo.<\/p>\n<p class=\"isSelectedEnd\">Argentina deber\u00e1 aprender a jugar sin Messi, mientras una nueva generaci\u00f3n comienza a construir su propia historia.<\/p>\n<p class=\"isSelectedEnd\">El f\u00fatbol seguir\u00e1.<\/p>\n<p class=\"isSelectedEnd\">Habr\u00e1 nuevos partidos, nuevos jugadores, nuevos \u00eddolos y nuevas ilusiones.<\/p>\n<p class=\"isSelectedEnd\">Pero durante m\u00e1s de dos d\u00e9cadas hubo una certeza: cuando Argentina sal\u00eda a la cancha, el mundo miraba esperando que el n\u00famero 10 hiciera algo diferente.<\/p>\n<p class=\"isSelectedEnd\">Y lo hizo muchas veces.<\/p>\n<p class=\"isSelectedEnd\">Demasiadas para contarlas en una sola historia.<\/p>\n<p class=\"isSelectedEnd\">Messi se va de la Selecci\u00f3n.<\/p>\n<p class=\"isSelectedEnd\">Pero deja algo mucho m\u00e1s dif\u00edcil de conseguir que cualquier r\u00e9cord: <strong>el recuerdo de haber convertido un sue\u00f1o colectivo en realidad.<\/strong><\/p>\n<p class=\"isSelectedEnd\">La historia del chico que lleg\u00f3 desde Rosario, que alguna vez fue cuestionado por no poder ganar con Argentina y que termin\u00f3 levantando la Copa del Mundo, ya forma parte para siempre de la memoria nacional.<\/p>\n<p class=\"isSelectedEnd\">Ahora comienza otra etapa.<\/p>\n<p class=\"isSelectedEnd\">Sin el 10 en la cancha.<\/p>\n<p class=\"isSelectedEnd\">Pero con su historia para siempre.<\/p>\n<p>&#x1f310; <a href=\"http:\/\/www.aldoportugal.com.ar\">www.aldoportugal.com.ar<\/a><br \/>\n&#x1f4fa; Canal de YouTube: Aldo Portugal<br \/>\n&#x1f4d8; Facebook: Matizando \u2013 Aldo Portugal<br \/>\n&#x1f4f7; Instagram: @aldoportugal_<br \/>\n&#x1f426; X: @AldoPortugal<\/p>\n","protected":false},"excerpt":{"rendered":"<p>Despu\u00e9s de 21 a\u00f1os defendiendo la camiseta albiceleste, Lionel Messi anunci\u00f3 su retiro del seleccionado&#8230;.<\/p>\n","protected":false},"author":1,"featured_media":40085,"comment_status":"closed","ping_status":"closed","sticky":true,"template":"","format":"standard","meta":{"ngg_post_thumbnail":0,"footnotes":""},"categories":[6,1,3],"tags":[],"_links":{"self":[{"href":"https:\/\/www.matizando.com.ar\/index.php?rest_route=\/wp\/v2\/posts\/48393"}],"collection":[{"href":"https:\/\/www.matizando.com.ar\/index.php?rest_route=\/wp\/v2\/posts"}],"about":[{"href":"https:\/\/www.matizando.com.ar\/index.php?rest_route=\/wp\/v2\/types\/post"}],"author":[{"embeddable":true,"href":"https:\/\/www.matizando.com.ar\/index.php?rest_route=\/wp\/v2\/users\/1"}],"replies":[{"embeddable":true,"href":"https:\/\/www.matizando.com.ar\/index.php?rest_route=%2Fwp%2Fv2%2Fcomments&post=48393"}],"version-history":[{"count":1,"href":"https:\/\/www.matizando.com.ar\/index.php?rest_route=\/wp\/v2\/posts\/48393\/revisions"}],"predecessor-version":[{"id":48394,"href":"https:\/\/www.matizando.com.ar\/index.php?rest_route=\/wp\/v2\/posts\/48393\/revisions\/48394"}],"wp:featuredmedia":[{"embeddable":true,"href":"https:\/\/www.matizando.com.ar\/index.php?rest_route=\/wp\/v2\/media\/40085"}],"wp:attachment":[{"href":"https:\/\/www.matizando.com.ar\/index.php?rest_route=%2Fwp%2Fv2%2Fmedia&parent=48393"}],"wp:term":[{"taxonomy":"category","embeddable":true,"href":"https:\/\/www.matizando.com.ar\/index.php?rest_route=%2Fwp%2Fv2%2Fcategories&post=48393"},{"taxonomy":"post_tag","embeddable":true,"href":"https:\/\/www.matizando.com.ar\/index.php?rest_route=%2Fwp%2Fv2%2Ftags&post=48393"}],"curies":[{"name":"wp","href":"https:\/\/api.w.org\/{rel}","templated":true}]}}