{"id":48385,"date":"2026-08-31T20:39:37","date_gmt":"2026-08-31T20:39:37","guid":{"rendered":"https:\/\/www.matizando.com.ar\/?p=48385"},"modified":"2026-08-31T20:40:11","modified_gmt":"2026-08-31T20:40:11","slug":"48385","status":"publish","type":"post","link":"https:\/\/www.matizando.com.ar\/?p=48385","title":{"rendered":"Banco Rioja redujo 20 puntos las tasas para aliviar deudas de las familias"},"content":{"rendered":"<p data-path-to-node=\"1\">El Gobierno provincial lanz\u00f3 tres medidas crediticias a trav\u00e9s de la entidad bancaria oficial. La propuesta incluye bajas en tasas de pr\u00e9stamos, refinanciaci\u00f3n por moras y facilidades de pago para tarjetas Mastercard.<\/p>\n<p data-path-to-node=\"2\">El Gobierno de La Rioja present\u00f3 un paquete de medidas financieras a trav\u00e9s de Banco Rioja orientado a reducir el costo del cr\u00e9dito y facilitar la regularizaci\u00f3n de pasivos para las familias riojanas. El anuncio contempla un recorte de 20 puntos en las tasas de pr\u00e9stamos personales, equiparando las condiciones con la banca nacional, adem\u00e1s de esquemas especiales de refinanciaci\u00f3n de deudas en tarjetas de cr\u00e9dito y cr\u00e9ditos morosos.<\/p>\n<p data-path-to-node=\"3\">La primera medida aplica una rebaja en las tasas de los pr\u00e9stamos personales, fijando una tasa nominal anual del 52% para plazos a 12 meses y del 56% para financiaciones de hasta 36 meses. El beneficio abarca a empleados p\u00fablicos, jubilados y trabajadores del sector privado que perciban sus haberes en la entidad. Asimismo, para clientes con atrasos superiores a 90 d\u00edas en cr\u00e9ditos personales, se habilit\u00f3 un esquema de reestructuraci\u00f3n con tasa preferencial y plazos de pago de hasta 48 meses.<\/p>\n<p data-path-to-node=\"4\">En el caso de las tarjetas de cr\u00e9dito Mastercard Banco Rioja, se dispuso un plan para refinanciar saldos irregulares a tasa fija en plazos de hasta 36 cuotas, previa evaluaci\u00f3n crediticia. Durante la presentaci\u00f3n, los ministros Federico Baz\u00e1n y Fabi\u00e1n Blanco, junto al jefe de Gabinete Juan Luna, remarcaron que el programa se complementa con el Decreto N.\u00ba 1293\/2026 de emergencia crediticia, buscando resguardar la econom\u00eda dom\u00e9stica y combatir la usura en la provincia.<\/p>\n<p data-path-to-node=\"5\">Los usuarios interesados en gestionar las nuevas condiciones o solicitar el refinanciamiento de sus deudas podr\u00e1n dirigirse a las dependencias del Anexo Belgrano de Banco Rioja o consultar a trav\u00e9s de los canales digitales oficiales de la instituci\u00f3n.<\/p>\n<p data-path-to-node=\"7\">Redacci\u00f3n: <a class=\"ng-star-inserted\" href=\"https:\/\/www.Matizando.com\" target=\"_blank\" rel=\"noopener\" data-hveid=\"0\" data-ved=\"0CAAQ_4QMahcKEwjws5yq28uWAxUAAAAAHQAAAAAQTg\">www.Matizando.com<\/a>.ar<\/p>\n<p data-path-to-node=\"7\">Correo: prensalarioja@yahoo.com.ar<\/p>\n<p data-path-to-node=\"7\">Portales Asociados: <a class=\"ng-star-inserted\" href=\"https:\/\/www.AldoPortugal.com\" target=\"_blank\" rel=\"noopener\" data-hveid=\"0\" data-ved=\"0CAAQ_4QMahcKEwjws5yq28uWAxUAAAAAHQAAAAAQTw\">www.AldoPortugal.com<\/a>.ar &#8211; <a class=\"ng-star-inserted\" href=\"https:\/\/www.LaRiojaChayera.com\" target=\"_blank\" rel=\"noopener\" data-hveid=\"0\" data-ved=\"0CAAQ_4QMahcKEwjws5yq28uWAxUAAAAAHQAAAAAQUA\">www.LaRiojaChayera.com<\/a>.ar<\/p>\n<p data-path-to-node=\"7\">Canal de YouTube: @AldoPortugal24<\/p>\n","protected":false},"excerpt":{"rendered":"<p>El Gobierno provincial lanz\u00f3 tres medidas crediticias a trav\u00e9s de la entidad bancaria oficial. La&#8230;<\/p>\n","protected":false},"author":1,"featured_media":48386,"comment_status":"closed","ping_status":"closed","sticky":true,"template":"","format":"standard","meta":{"ngg_post_thumbnail":0,"footnotes":""},"categories":[1,3],"tags":[],"_links":{"self":[{"href":"https:\/\/www.matizando.com.ar\/index.php?rest_route=\/wp\/v2\/posts\/48385"}],"collection":[{"href":"https:\/\/www.matizando.com.ar\/index.php?rest_route=\/wp\/v2\/posts"}],"about":[{"href":"https:\/\/www.matizando.com.ar\/index.php?rest_route=\/wp\/v2\/types\/post"}],"author":[{"embeddable":true,"href":"https:\/\/www.matizando.com.ar\/index.php?rest_route=\/wp\/v2\/users\/1"}],"replies":[{"embeddable":true,"href":"https:\/\/www.matizando.com.ar\/index.php?rest_route=%2Fwp%2Fv2%2Fcomments&post=48385"}],"version-history":[{"count":2,"href":"https:\/\/www.matizando.com.ar\/index.php?rest_route=\/wp\/v2\/posts\/48385\/revisions"}],"predecessor-version":[{"id":48388,"href":"https:\/\/www.matizando.com.ar\/index.php?rest_route=\/wp\/v2\/posts\/48385\/revisions\/48388"}],"wp:featuredmedia":[{"embeddable":true,"href":"https:\/\/www.matizando.com.ar\/index.php?rest_route=\/wp\/v2\/media\/48386"}],"wp:attachment":[{"href":"https:\/\/www.matizando.com.ar\/index.php?rest_route=%2Fwp%2Fv2%2Fmedia&parent=48385"}],"wp:term":[{"taxonomy":"category","embeddable":true,"href":"https:\/\/www.matizando.com.ar\/index.php?rest_route=%2Fwp%2Fv2%2Fcategories&post=48385"},{"taxonomy":"post_tag","embeddable":true,"href":"https:\/\/www.matizando.com.ar\/index.php?rest_route=%2Fwp%2Fv2%2Ftags&post=48385"}],"curies":[{"name":"wp","href":"https:\/\/api.w.org\/{rel}","templated":true}]}}