{"id":48377,"date":"2026-08-31T11:17:20","date_gmt":"2026-08-31T11:17:20","guid":{"rendered":"https:\/\/www.matizando.com.ar\/?p=48377"},"modified":"2026-08-31T11:29:33","modified_gmt":"2026-08-31T11:29:33","slug":"medidas-financieras-en-la-rioja","status":"publish","type":"post","link":"https:\/\/www.matizando.com.ar\/?p=48377","title":{"rendered":"Medidas financieras en La Rioja"},"content":{"rendered":"<p data-path-to-node=\"1\">En el marco de la emergencia crediticia declarada por 180 d\u00edas en la provincia para hacer frente a los abusos financieros, el Gobierno de La Rioja anunci\u00f3 una serie de herramientas a trav\u00e9s del Banco Rioja orientadas a aliviar la situaci\u00f3n econ\u00f3mica de los hogares riojanos.<\/p>\n<p data-path-to-node=\"2\">La iniciativa contempla una reducci\u00f3n de 20 puntos en la tasa de pr\u00e9stamos personales, aplicable tanto a nuevos cr\u00e9ditos como a refinanciaciones que se encuentren al d\u00eda. Asimismo, se implementaron condiciones especiales de regularizaci\u00f3n para aquellas personas con moras de 90 d\u00edas o m\u00e1s.<\/p>\n<p data-path-to-node=\"3\">En cuanto a las deudas con tarjetas de cr\u00e9dito, se dispuso un plan de reestructuraci\u00f3n para el saldo de Mastercard del Banco Rioja que permite financiar la deuda en hasta 36 meses con tasas fijas. Estas medidas buscan brindar certidumbre y alternativas transparentes frente a las altas tasas y la especulaci\u00f3n del mercado privado y las billeteras virtuales.<\/p>\n<p data-path-to-node=\"4\">Redacci\u00f3n: <a class=\"ng-star-inserted\" href=\"https:\/\/www.google.com\/search?q=https%3A%2F%2Fwww.Matizando.com\" target=\"_blank\" rel=\"noopener\" data-hveid=\"0\" data-ved=\"0CAAQ_4QMahcKEwitl-TM3cqWAxUAAAAAHQAAAAAQPw\">www.Matizando.com<\/a>.ar Correo: prensalarioja@yahoo.com.ar Portales Asociados: <a class=\"ng-star-inserted\" href=\"https:\/\/www.google.com\/search?q=https%3A%2F%2Fwww.AldoPortugal.com\" target=\"_blank\" rel=\"noopener\" data-hveid=\"0\" data-ved=\"0CAAQ_4QMahcKEwitl-TM3cqWAxUAAAAAHQAAAAAQQA\">www.AldoPortugal.com<\/a>.ar &#8211; <a class=\"ng-star-inserted\" href=\"https:\/\/www.google.com\/search?q=https%3A%2F%2Fwww.LaRiojaChayera.com\" target=\"_blank\" rel=\"noopener\" data-hveid=\"0\" data-ved=\"0CAAQ_4QMahcKEwitl-TM3cqWAxUAAAAAHQAAAAAQQQ\">www.LaRiojaChayera.com<\/a>.ar Canal de YouTube: @AldoPortugal24<\/p>\n","protected":false},"excerpt":{"rendered":"<p>En el marco de la emergencia crediticia declarada por 180 d\u00edas en la provincia para&#8230;<\/p>\n","protected":false},"author":1,"featured_media":48378,"comment_status":"closed","ping_status":"closed","sticky":true,"template":"","format":"standard","meta":{"ngg_post_thumbnail":0,"footnotes":""},"categories":[1,3],"tags":[],"_links":{"self":[{"href":"https:\/\/www.matizando.com.ar\/index.php?rest_route=\/wp\/v2\/posts\/48377"}],"collection":[{"href":"https:\/\/www.matizando.com.ar\/index.php?rest_route=\/wp\/v2\/posts"}],"about":[{"href":"https:\/\/www.matizando.com.ar\/index.php?rest_route=\/wp\/v2\/types\/post"}],"author":[{"embeddable":true,"href":"https:\/\/www.matizando.com.ar\/index.php?rest_route=\/wp\/v2\/users\/1"}],"replies":[{"embeddable":true,"href":"https:\/\/www.matizando.com.ar\/index.php?rest_route=%2Fwp%2Fv2%2Fcomments&post=48377"}],"version-history":[{"count":1,"href":"https:\/\/www.matizando.com.ar\/index.php?rest_route=\/wp\/v2\/posts\/48377\/revisions"}],"predecessor-version":[{"id":48379,"href":"https:\/\/www.matizando.com.ar\/index.php?rest_route=\/wp\/v2\/posts\/48377\/revisions\/48379"}],"wp:featuredmedia":[{"embeddable":true,"href":"https:\/\/www.matizando.com.ar\/index.php?rest_route=\/wp\/v2\/media\/48378"}],"wp:attachment":[{"href":"https:\/\/www.matizando.com.ar\/index.php?rest_route=%2Fwp%2Fv2%2Fmedia&parent=48377"}],"wp:term":[{"taxonomy":"category","embeddable":true,"href":"https:\/\/www.matizando.com.ar\/index.php?rest_route=%2Fwp%2Fv2%2Fcategories&post=48377"},{"taxonomy":"post_tag","embeddable":true,"href":"https:\/\/www.matizando.com.ar\/index.php?rest_route=%2Fwp%2Fv2%2Ftags&post=48377"}],"curies":[{"name":"wp","href":"https:\/\/api.w.org\/{rel}","templated":true}]}}