{"id":48123,"date":"2026-08-18T11:56:17","date_gmt":"2026-08-18T11:56:17","guid":{"rendered":"https:\/\/www.matizando.com.ar\/?p=48123"},"modified":"2026-08-18T12:00:15","modified_gmt":"2026-08-18T12:00:15","slug":"ley-micaela-se-recorrera-la-provincia-de-manera-presencial-y-virtual","status":"publish","type":"post","link":"https:\/\/www.matizando.com.ar\/?p=48123","title":{"rendered":"Ley Micaela: se recorrer\u00e1 la provincia de manera presencial y virtual"},"content":{"rendered":"<p class=\"isSelectedEnd\"><strong>La propuesta comenzar\u00e1 el 25 de agosto en Chamical y continuar\u00e1 en Chepes, Chilecito y Aimogasta. Est\u00e1 destinada a docentes, personal policial, equipos t\u00e9cnicos, autoridades, organismos p\u00fablicos y p\u00fablico en general.<\/strong><\/p>\n<p class=\"isSelectedEnd\">La <strong>Secretar\u00eda de la Mujer y Diversidad del Gobierno de La Rioja<\/strong> pondr\u00e1 en marcha la <strong>Capacitaci\u00f3n Ley Micaela 2026<\/strong>, una propuesta de alcance provincial que busca brindar herramientas para reconocer desigualdades, prevenir las violencias por razones de g\u00e9nero y promover espacios laborales e institucionales m\u00e1s igualitarios.<\/p>\n<p class=\"isSelectedEnd\">El trayecto formativo comenzar\u00e1 el <strong>martes 25 de agosto en Chamical<\/strong> y tendr\u00e1 continuidad el <strong>15 de septiembre en Chepes, el 29 de septiembre en Chilecito y el 13 de octubre en Aimogasta<\/strong>.<\/p>\n<p class=\"isSelectedEnd\">La modalidad combinar\u00e1 encuentros presenciales en cada una de estas localidades con <strong>participaci\u00f3n virtual sincr\u00f3nica desde el resto del territorio provincial<\/strong>, permitiendo ampliar el acceso a la capacitaci\u00f3n.<\/p>\n<h3>Cuatro encuentros, cuatro ejes de formaci\u00f3n<\/h3>\n<p class=\"isSelectedEnd\">La capacitaci\u00f3n estar\u00e1 organizada en <strong>cuatro m\u00f3dulos<\/strong>, uno por cada encuentro.<\/p>\n<p class=\"isSelectedEnd\">El primero, en <strong>Chamical<\/strong>, estar\u00e1 centrado en <em>\u201cDerechos, g\u00e9nero y marco jur\u00eddico\u201d<\/em>, con contenidos vinculados a la Ley Micaela, perspectiva de g\u00e9nero, derechos humanos, desigualdades estructurales, tipos y modalidades de violencia, femicidio, travesticidio y transfemicidio, discriminaci\u00f3n y acceso a la Justicia.<\/p>\n<p class=\"isSelectedEnd\">En <strong>Chepes<\/strong>, el segundo m\u00f3dulo abordar\u00e1 <em>\u201cG\u00e9nero, diversidad y masculinidades\u201d<\/em>. Se trabajar\u00e1n conceptos relacionados con sexo, g\u00e9nero e identidad de g\u00e9nero, roles y estereotipos, divisi\u00f3n sexual del trabajo, patriarcado, relaciones de poder, diversidad sexual y corporal, masculinidades y violencia.<\/p>\n<p class=\"isSelectedEnd\">El tercer encuentro, previsto en <strong>Chilecito<\/strong>, tendr\u00e1 como eje <em>\u201cEducaci\u00f3n y transformaci\u00f3n social\u201d<\/em>, con especial atenci\u00f3n en la construcci\u00f3n social de las desigualdades, g\u00e9nero y diversidad en la escuela, la articulaci\u00f3n entre <strong>Ley Micaela y Educaci\u00f3n Sexual Integral (ESI)<\/strong> y la perspectiva interseccional.<\/p>\n<p class=\"isSelectedEnd\">Finalmente, <strong>Aimogasta<\/strong> ser\u00e1 sede del cuarto m\u00f3dulo, denominado <em>\u201cIntervenci\u00f3n y corresponsabilidad en el Estado\u201d<\/em>. All\u00ed se profundizar\u00e1n herramientas para incorporar la perspectiva de g\u00e9nero en los \u00e1mbitos laborales, protocolos de intervenci\u00f3n, responsabilidades de los agentes p\u00fablicos y circuitos institucionales de derivaci\u00f3n y protecci\u00f3n.<\/p>\n<h3>Puntaje docente y reconocimiento para el personal policial<\/h3>\n<p class=\"isSelectedEnd\">La propuesta est\u00e1 dirigida especialmente a <strong>docentes, personal policial, autoridades, equipos t\u00e9cnicos e integrantes de organismos gubernamentales<\/strong>, aunque la convocatoria tambi\u00e9n se encuentra abierta al p\u00fablico en general.<\/p>\n<p class=\"isSelectedEnd\">Para el sector educativo, la capacitaci\u00f3n tendr\u00e1 una carga de <strong>60 horas con puntaje docente<\/strong>. En el caso del personal policial, la aprobaci\u00f3n otorgar\u00e1 <strong>15 cent\u00e9simas para el ascenso<\/strong>.<\/p>\n<h3>Una propuesta que busca llegar a todo el territorio<\/h3>\n<p class=\"isSelectedEnd\">La combinaci\u00f3n de presencialidad y virtualidad permitir\u00e1 que cada encuentro pueda ser seguido simult\u00e1neamente desde distintos puntos de La Rioja.<\/p>\n<p class=\"isSelectedEnd\">El objetivo es fortalecer la formaci\u00f3n en perspectiva de g\u00e9nero y brindar herramientas concretas para <strong>identificar desigualdades, prevenir situaciones de violencia y promover espacios institucionales m\u00e1s igualitarios<\/strong>.<\/p>\n<h3>Inscripciones<\/h3>\n<p class=\"isSelectedEnd\">Las personas interesadas en participar pueden inscribirse a trav\u00e9s del formulario habilitado por la organizaci\u00f3n.<\/p>\n<p>&#x1f310; <a href=\"http:\/\/www.aldoportugal.com.ar\">www.aldoportugal.com.ar<\/a><br \/>\n&#x1f4fa; Canal de YouTube: Aldo Portugal<br \/>\n&#x1f4d8; Facebook: Matizando \u2013 Aldo Portugal<br \/>\n&#x1f4f7; Instagram: @aldoportugal_<br \/>\n&#x1f426; X: @AldoPortugal<\/p>\n","protected":false},"excerpt":{"rendered":"<p>La propuesta comenzar\u00e1 el 25 de agosto en Chamical y continuar\u00e1 en Chepes, Chilecito y&#8230;<\/p>\n","protected":false},"author":1,"featured_media":48124,"comment_status":"closed","ping_status":"closed","sticky":true,"template":"","format":"standard","meta":{"ngg_post_thumbnail":0,"footnotes":""},"categories":[1,3],"tags":[],"_links":{"self":[{"href":"https:\/\/www.matizando.com.ar\/index.php?rest_route=\/wp\/v2\/posts\/48123"}],"collection":[{"href":"https:\/\/www.matizando.com.ar\/index.php?rest_route=\/wp\/v2\/posts"}],"about":[{"href":"https:\/\/www.matizando.com.ar\/index.php?rest_route=\/wp\/v2\/types\/post"}],"author":[{"embeddable":true,"href":"https:\/\/www.matizando.com.ar\/index.php?rest_route=\/wp\/v2\/users\/1"}],"replies":[{"embeddable":true,"href":"https:\/\/www.matizando.com.ar\/index.php?rest_route=%2Fwp%2Fv2%2Fcomments&post=48123"}],"version-history":[{"count":1,"href":"https:\/\/www.matizando.com.ar\/index.php?rest_route=\/wp\/v2\/posts\/48123\/revisions"}],"predecessor-version":[{"id":48125,"href":"https:\/\/www.matizando.com.ar\/index.php?rest_route=\/wp\/v2\/posts\/48123\/revisions\/48125"}],"wp:featuredmedia":[{"embeddable":true,"href":"https:\/\/www.matizando.com.ar\/index.php?rest_route=\/wp\/v2\/media\/48124"}],"wp:attachment":[{"href":"https:\/\/www.matizando.com.ar\/index.php?rest_route=%2Fwp%2Fv2%2Fmedia&parent=48123"}],"wp:term":[{"taxonomy":"category","embeddable":true,"href":"https:\/\/www.matizando.com.ar\/index.php?rest_route=%2Fwp%2Fv2%2Fcategories&post=48123"},{"taxonomy":"post_tag","embeddable":true,"href":"https:\/\/www.matizando.com.ar\/index.php?rest_route=%2Fwp%2Fv2%2Ftags&post=48123"}],"curies":[{"name":"wp","href":"https:\/\/api.w.org\/{rel}","templated":true}]}}