{"id":48119,"date":"2026-08-18T11:10:03","date_gmt":"2026-08-18T11:10:03","guid":{"rendered":"https:\/\/www.matizando.com.ar\/?p=48119"},"modified":"2026-08-18T11:28:10","modified_gmt":"2026-08-18T11:28:10","slug":"asamblea-general-ordinaria-participacion-y-respaldo-institucional","status":"publish","type":"post","link":"https:\/\/www.matizando.com.ar\/?p=48119","title":{"rendered":"Asamblea General Ordinaria: participaci\u00f3n y respaldo institucional"},"content":{"rendered":"<p class=\"isSelectedEnd\">Con el qu\u00f3rum necesario y la presencia de las autoridades correspondientes, se llev\u00f3 a cabo la <strong>Asamblea General Ordinaria correspondiente al ejercicio 2025<\/strong>, dando cumplimiento a los requisitos institucionales y legales establecidos.<\/p>\n<p class=\"isSelectedEnd\">La jornada cont\u00f3 con la participaci\u00f3n de representantes de distintas instituciones y organizaciones, quienes acompa\u00f1aron el desarrollo de este encuentro de car\u00e1cter institucional.<\/p>\n<p class=\"isSelectedEnd\">Entre los presentes estuvieron <strong>Roberto Mercado, presidente de ADYAR; Sandra Etchenique, secretaria adjunta; y Miguel Poblete<\/strong>. Tambi\u00e9n participaron los contadores <strong>Paolo Monti y Mauro Casta\u00f1o<\/strong>, quienes acompa\u00f1aron el desarrollo de la Asamblea desde sus respectivas funciones.<\/p>\n<p class=\"isSelectedEnd\">Asimismo, estuvieron presentes <strong>Juan Pablo Luj\u00e1n, secretario general de la OIT; Ram\u00f3n Pe\u00f1a, secretario general del Sindicato de Taxistas; y el veedor de Personer\u00eda Jur\u00eddica<\/strong>, garantizando el acompa\u00f1amiento y control correspondiente.<\/p>\n<p class=\"isSelectedEnd\">La representaci\u00f3n institucional tambi\u00e9n cont\u00f3 con la presencia de <strong>Mar\u00eda Elena Portales, directora de la Escuela EPET N\u00b0 1<\/strong>, sum\u00e1ndose al encuentro y acompa\u00f1ando este espacio de participaci\u00f3n.<\/p>\n<p class=\"isSelectedEnd\">La realizaci\u00f3n de la Asamblea representa un nuevo paso en el fortalecimiento institucional, reafirmando el compromiso con la participaci\u00f3n, la transparencia y el cumplimiento de las instancias formales que permiten consolidar el trabajo de la organizaci\u00f3n.<\/p>\n<p>Desde la instituci\u00f3n agradecieron especialmente <strong>el acompa\u00f1amiento y el apoyo permanente de quienes participaron<\/strong>, destacando el valor de construir colectivamente y sostener una institucionalidad basada en la responsabilidad y el compromiso.<\/p>\n\n\n<figure class=\"wp-block-embed is-type-video is-provider-youtube wp-block-embed-youtube wp-embed-aspect-9-16 wp-has-aspect-ratio\"><div class=\"wp-block-embed__wrapper\">\n<iframe loading=\"lazy\" title=\"ADYAR\" width=\"540\" height=\"960\" src=\"https:\/\/www.youtube.com\/embed\/QsDeuCO-Cn0?feature=oembed\" frameborder=\"0\" allow=\"accelerometer; autoplay; clipboard-write; encrypted-media; gyroscope; picture-in-picture; web-share\" referrerpolicy=\"strict-origin-when-cross-origin\" allowfullscreen><\/iframe>\n<\/div><\/figure>\n","protected":false},"excerpt":{"rendered":"<p>Con el qu\u00f3rum necesario y la presencia de las autoridades correspondientes, se llev\u00f3 a cabo&#8230;<\/p>\n","protected":false},"author":1,"featured_media":48120,"comment_status":"closed","ping_status":"closed","sticky":true,"template":"","format":"standard","meta":{"ngg_post_thumbnail":0,"footnotes":""},"categories":[1,3],"tags":[],"_links":{"self":[{"href":"https:\/\/www.matizando.com.ar\/index.php?rest_route=\/wp\/v2\/posts\/48119"}],"collection":[{"href":"https:\/\/www.matizando.com.ar\/index.php?rest_route=\/wp\/v2\/posts"}],"about":[{"href":"https:\/\/www.matizando.com.ar\/index.php?rest_route=\/wp\/v2\/types\/post"}],"author":[{"embeddable":true,"href":"https:\/\/www.matizando.com.ar\/index.php?rest_route=\/wp\/v2\/users\/1"}],"replies":[{"embeddable":true,"href":"https:\/\/www.matizando.com.ar\/index.php?rest_route=%2Fwp%2Fv2%2Fcomments&post=48119"}],"version-history":[{"count":2,"href":"https:\/\/www.matizando.com.ar\/index.php?rest_route=\/wp\/v2\/posts\/48119\/revisions"}],"predecessor-version":[{"id":48122,"href":"https:\/\/www.matizando.com.ar\/index.php?rest_route=\/wp\/v2\/posts\/48119\/revisions\/48122"}],"wp:featuredmedia":[{"embeddable":true,"href":"https:\/\/www.matizando.com.ar\/index.php?rest_route=\/wp\/v2\/media\/48120"}],"wp:attachment":[{"href":"https:\/\/www.matizando.com.ar\/index.php?rest_route=%2Fwp%2Fv2%2Fmedia&parent=48119"}],"wp:term":[{"taxonomy":"category","embeddable":true,"href":"https:\/\/www.matizando.com.ar\/index.php?rest_route=%2Fwp%2Fv2%2Fcategories&post=48119"},{"taxonomy":"post_tag","embeddable":true,"href":"https:\/\/www.matizando.com.ar\/index.php?rest_route=%2Fwp%2Fv2%2Ftags&post=48119"}],"curies":[{"name":"wp","href":"https:\/\/api.w.org\/{rel}","templated":true}]}}