{"id":48062,"date":"2026-08-13T15:22:39","date_gmt":"2026-08-13T15:22:39","guid":{"rendered":"https:\/\/www.matizando.com.ar\/?p=48062"},"modified":"2026-08-13T15:29:31","modified_gmt":"2026-08-13T15:29:31","slug":"turismo-y-empleo-formalizaron-convenio-de-cooperacion-institucional","status":"publish","type":"post","link":"https:\/\/www.matizando.com.ar\/?p=48062","title":{"rendered":"Turismo y Empleo formalizaron convenio de cooperaci\u00f3n institucional"},"content":{"rendered":"<h3 data-path-to-node=\"5\">Plan Provincial de Capacitaci\u00f3n y Formaci\u00f3n Profesional 2026<\/h3>\n<p data-path-to-node=\"6\"><b data-path-to-node=\"6\" data-index-in-node=\"0\">La Secretar\u00eda de Turismo y la Secretar\u00eda de Pol\u00edticas de Empleo firmaron un convenio de cooperaci\u00f3n institucional para fortalecer las competencias laborales del sector tur\u00edstico en todo el territorio provincial.<\/b><\/p>\n<p data-path-to-node=\"7\">En el marco de una estrategia integral orientada a consolidar al turismo como un motor fundamental para el desarrollo econ\u00f3mico territorial y la generaci\u00f3n de oportunidades laborales, la Secretar\u00eda de Turismo de la Provincia fue sede del lanzamiento oficial del Plan Provincial de Capacitaci\u00f3n y Formaci\u00f3n Profesional 2026.<\/p>\n<p data-path-to-node=\"8\">La jornada cont\u00f3 con la presencia del Secretario de Turismo, Sr. Jos\u00e9 Rosa; la Secretaria de Pol\u00edticas de Empleo, Lic. Beatriz Tello; la Secretaria de Gesti\u00f3n Departamental, Sra. Silvia Gait\u00e1n; la Subsecretaria de Promoci\u00f3n del Empleo Local, Lic. Rita Abdala; y la Subsecretaria de Planificaci\u00f3n y Capacitaci\u00f3n Tur\u00edstica, Lic. Paola Pugliese. Asimismo, asistieron la Directora General de Empleo, Lic. Mar\u00eda Silvia D\u00edaz; la Directora General de Capacitaci\u00f3n y Formaci\u00f3n Profesional, Lic. Karina Brizuela; directivos de la Red Federal de Oficinas de Empleo Municipales, equipos t\u00e9cnicos y participantes de los programas Tutor\u00edas, Empleo Joven y TecnoEmpleo.<\/p>\n<p data-path-to-node=\"9\">Durante la actividad, la Subsecretaria de Planificaci\u00f3n y Capacitaci\u00f3n Tur\u00edstica, Lic. Paola Pugliese, junto a la Lic. Evelina Rementeria, presentaron de forma oficial la plataforma digital CampusTur, una herramienta clave destinada a democratizar el acceso a la formaci\u00f3n t\u00e9cnica para los prestadores y beneficiarios de toda la provincia.<\/p>\n<p data-path-to-node=\"10\">Posteriormente, la Lic. Rita Abdala expuso el Esquema de Articulaci\u00f3n Territorial, destacando el trabajo descentralizado y coordinado con los municipios para garantizar que los programas lleguen de manera directa a cada departamento.<\/p>\n<p data-path-to-node=\"10\">El acto central concluy\u00f3 con la firma formal del convenio de cooperaci\u00f3n interinstitucional entre ambas carteras provinciales, ratificando el compromiso de articular la demanda laboral con propuestas formativas sostenibles y de alto impacto.<\/p>\n<p data-path-to-node=\"12\">Redacci\u00f3n: <a class=\"ng-star-inserted\" href=\"https:\/\/www.Matizando.com\" target=\"_blank\" rel=\"noopener\" data-hveid=\"0\" data-ved=\"0CAAQ_4QMahgKEwiJxpGV8J2WAxUAAAAAHQAAAAAQoQE\">www.Matizando.com<\/a>.ar Correo: prensalarioja@yahoo.com.ar Portales Asociados: <a class=\"ng-star-inserted\" href=\"https:\/\/www.AldoPortugal.com\" target=\"_blank\" rel=\"noopener\" data-hveid=\"0\" data-ved=\"0CAAQ_4QMahgKEwiJxpGV8J2WAxUAAAAAHQAAAAAQogE\">www.AldoPortugal.com<\/a>.ar &#8211; <a class=\"ng-star-inserted\" href=\"https:\/\/www.LaRiojaChayera.com\" target=\"_blank\" rel=\"noopener\" data-hveid=\"0\" data-ved=\"0CAAQ_4QMahgKEwiJxpGV8J2WAxUAAAAAHQAAAAAQowE\">www.LaRiojaChayera.com<\/a>.ar Canal de YouTube: @AldoPortugal24<\/p>\n","protected":false},"excerpt":{"rendered":"<p>Plan Provincial de Capacitaci\u00f3n y Formaci\u00f3n Profesional 2026 La Secretar\u00eda de Turismo y la Secretar\u00eda&#8230;<\/p>\n","protected":false},"author":1,"featured_media":48064,"comment_status":"closed","ping_status":"closed","sticky":true,"template":"","format":"standard","meta":{"ngg_post_thumbnail":0,"footnotes":""},"categories":[1,3],"tags":[],"_links":{"self":[{"href":"https:\/\/www.matizando.com.ar\/index.php?rest_route=\/wp\/v2\/posts\/48062"}],"collection":[{"href":"https:\/\/www.matizando.com.ar\/index.php?rest_route=\/wp\/v2\/posts"}],"about":[{"href":"https:\/\/www.matizando.com.ar\/index.php?rest_route=\/wp\/v2\/types\/post"}],"author":[{"embeddable":true,"href":"https:\/\/www.matizando.com.ar\/index.php?rest_route=\/wp\/v2\/users\/1"}],"replies":[{"embeddable":true,"href":"https:\/\/www.matizando.com.ar\/index.php?rest_route=%2Fwp%2Fv2%2Fcomments&post=48062"}],"version-history":[{"count":1,"href":"https:\/\/www.matizando.com.ar\/index.php?rest_route=\/wp\/v2\/posts\/48062\/revisions"}],"predecessor-version":[{"id":48063,"href":"https:\/\/www.matizando.com.ar\/index.php?rest_route=\/wp\/v2\/posts\/48062\/revisions\/48063"}],"wp:featuredmedia":[{"embeddable":true,"href":"https:\/\/www.matizando.com.ar\/index.php?rest_route=\/wp\/v2\/media\/48064"}],"wp:attachment":[{"href":"https:\/\/www.matizando.com.ar\/index.php?rest_route=%2Fwp%2Fv2%2Fmedia&parent=48062"}],"wp:term":[{"taxonomy":"category","embeddable":true,"href":"https:\/\/www.matizando.com.ar\/index.php?rest_route=%2Fwp%2Fv2%2Fcategories&post=48062"},{"taxonomy":"post_tag","embeddable":true,"href":"https:\/\/www.matizando.com.ar\/index.php?rest_route=%2Fwp%2Fv2%2Ftags&post=48062"}],"curies":[{"name":"wp","href":"https:\/\/api.w.org\/{rel}","templated":true}]}}