{"id":47676,"date":"2026-07-27T11:07:03","date_gmt":"2026-07-27T11:07:03","guid":{"rendered":"https:\/\/www.matizando.com.ar\/?p=47676"},"modified":"2026-07-27T11:09:56","modified_gmt":"2026-07-27T11:09:56","slug":"la-rioja-paro-docente-de-amp-frena-el-regreso-a-clases-tras-el-receso-invernal","status":"publish","type":"post","link":"https:\/\/www.matizando.com.ar\/?p=47676","title":{"rendered":"La Rioja: paro docente de AMP frena el regreso a clases tras el receso invernal"},"content":{"rendered":"<p data-start=\"89\" data-end=\"466\">El reinicio de las clases en los niveles Primario y Secundario de la provincia de La Rioja se ver\u00e1 afectado este lunes 27 de julio por un paro total de actividades convocado por la Asociaci\u00f3n de Maestros y Profesores (AMP). La medida de fuerza, de 24 horas de duraci\u00f3n, fue ratificada por el gremio en rechazo al \u00faltimo incremento salarial dispuesto por el Gobierno provincial.<\/p>\n<p data-start=\"468\" data-end=\"691\">La protesta coincide con el regreso de estudiantes y docentes luego de las vacaciones de invierno, generando un impacto directo en el normal desarrollo de la actividad educativa en los establecimientos de toda la provincia.<\/p>\n<p data-start=\"693\" data-end=\"1093\">Desde la conducci\u00f3n de AMP sostuvieron que la actualizaci\u00f3n salarial anunciada por el Ejecutivo resulta insuficiente frente al actual contexto econ\u00f3mico y no alcanza para recuperar el poder adquisitivo de los trabajadores de la educaci\u00f3n. En ese marco, el sindicato insiste en la necesidad de reabrir la negociaci\u00f3n paritaria y avanzar en una recomposici\u00f3n salarial que se incorpore al sueldo b\u00e1sico.<\/p>\n<p data-start=\"1095\" data-end=\"1328\">Como parte de la jornada de protesta, el gremio convoc\u00f3 a una concentraci\u00f3n con radio abierta a partir de las 10:00 en la Plaza 25 de Mayo de la ciudad Capital, donde se espera la participaci\u00f3n de docentes de distintos departamentos.<\/p>\n<h3 data-section-id=\"1i7g3is\" data-start=\"1330\" data-end=\"1357\">Reclamos y advertencias<\/h3>\n<p data-start=\"1359\" data-end=\"1416\">Entre los principales planteos del sindicato se destacan:<\/p>\n<ul data-start=\"1418\" data-end=\"1799\">\n<li data-section-id=\"1qao4nn\" data-start=\"1418\" data-end=\"1513\">Paro total de actividades durante 24 horas, sin asistencia a los establecimientos educativos.<\/li>\n<li data-section-id=\"ex4iyj\" data-start=\"1514\" data-end=\"1582\">Concentraci\u00f3n y radio abierta desde las 10:00 en Plaza 25 de Mayo.<\/li>\n<li data-section-id=\"1pu26bp\" data-start=\"1583\" data-end=\"1653\">Rechazo al incremento salarial decretado por el Gobierno provincial.<\/li>\n<li data-section-id=\"ys5q37\" data-start=\"1654\" data-end=\"1718\">Pedido de apertura de una nueva mesa de negociaci\u00f3n paritaria.<\/li>\n<li data-section-id=\"1ng77mn\" data-start=\"1719\" data-end=\"1799\">Exigencia de una recomposici\u00f3n salarial genuina incorporada al salario b\u00e1sico.<\/li>\n<\/ul>\n<p data-start=\"1801\" data-end=\"2025\">Desde AMP tambi\u00e9n advirtieron que, si no existe una convocatoria oficial para retomar el di\u00e1logo salarial, el plan de lucha podr\u00eda intensificarse en las pr\u00f3ximas semanas con nuevas medidas de fuerza de 48 o incluso 72 horas.<\/p>\n<p data-start=\"2027\" data-end=\"2298\">El conflicto docente vuelve a instalarse en el inicio del segundo tramo del calendario escolar y abre un nuevo escenario de tensi\u00f3n entre el sector educativo y el Gobierno provincial, mientras miles de estudiantes aguardan el normal desarrollo de las actividades \u00e1ulicas.<\/p>\n<hr data-start=\"2300\" data-end=\"2303\">\n<p data-start=\"2305\" data-end=\"2462\" data-is-last-node=\"\" data-is-only-node=\"\">&#x1f310; <a class=\"decorated-link\" href=\"http:\/\/www.aldoportugal.com.ar\" target=\"_new\" rel=\"noopener\" data-start=\"2308\" data-end=\"2331\">www.aldoportugal.com.ar<\/a><br data-start=\"2331\" data-end=\"2334\">&#x1f4fa; Canal de YouTube: Aldo Portugal<br data-start=\"2368\" data-end=\"2371\">&#x1f4d8; Facebook: Matizando \u2013 Aldo Portugal<br data-start=\"2409\" data-end=\"2412\">&#x1f4f7; Instagram: @aldoportugal_<br data-start=\"2440\" data-end=\"2443\">&#x1f426; X: @AldoPortugal<\/p>\n","protected":false},"excerpt":{"rendered":"<p>El reinicio de las clases en los niveles Primario y Secundario de la provincia de&#8230;<\/p>\n","protected":false},"author":1,"featured_media":37573,"comment_status":"closed","ping_status":"closed","sticky":true,"template":"","format":"standard","meta":{"ngg_post_thumbnail":0,"footnotes":""},"categories":[1,3],"tags":[],"_links":{"self":[{"href":"https:\/\/www.matizando.com.ar\/index.php?rest_route=\/wp\/v2\/posts\/47676"}],"collection":[{"href":"https:\/\/www.matizando.com.ar\/index.php?rest_route=\/wp\/v2\/posts"}],"about":[{"href":"https:\/\/www.matizando.com.ar\/index.php?rest_route=\/wp\/v2\/types\/post"}],"author":[{"embeddable":true,"href":"https:\/\/www.matizando.com.ar\/index.php?rest_route=\/wp\/v2\/users\/1"}],"replies":[{"embeddable":true,"href":"https:\/\/www.matizando.com.ar\/index.php?rest_route=%2Fwp%2Fv2%2Fcomments&post=47676"}],"version-history":[{"count":1,"href":"https:\/\/www.matizando.com.ar\/index.php?rest_route=\/wp\/v2\/posts\/47676\/revisions"}],"predecessor-version":[{"id":47677,"href":"https:\/\/www.matizando.com.ar\/index.php?rest_route=\/wp\/v2\/posts\/47676\/revisions\/47677"}],"wp:featuredmedia":[{"embeddable":true,"href":"https:\/\/www.matizando.com.ar\/index.php?rest_route=\/wp\/v2\/media\/37573"}],"wp:attachment":[{"href":"https:\/\/www.matizando.com.ar\/index.php?rest_route=%2Fwp%2Fv2%2Fmedia&parent=47676"}],"wp:term":[{"taxonomy":"category","embeddable":true,"href":"https:\/\/www.matizando.com.ar\/index.php?rest_route=%2Fwp%2Fv2%2Fcategories&post=47676"},{"taxonomy":"post_tag","embeddable":true,"href":"https:\/\/www.matizando.com.ar\/index.php?rest_route=%2Fwp%2Fv2%2Ftags&post=47676"}],"curies":[{"name":"wp","href":"https:\/\/api.w.org\/{rel}","templated":true}]}}