{"id":46061,"date":"2026-05-01T16:18:05","date_gmt":"2026-05-01T16:18:05","guid":{"rendered":"https:\/\/www.matizando.com.ar\/?p=46061"},"modified":"2026-05-01T16:31:51","modified_gmt":"2026-05-01T16:31:51","slug":"seguridad-anillo-de-seguridad-digital-en-la-rioja","status":"publish","type":"post","link":"https:\/\/www.matizando.com.ar\/?p=46061","title":{"rendered":"Seguridad: Anillo de Seguridad Digital en La Rioja"},"content":{"rendered":"<h2 data-path-to-node=\"0\">&nbsp;<\/h2>\n<p data-path-to-node=\"1\">El Ministerio provincial, en conjunto con la Polic\u00eda de La Rioja, avanza en la consolidaci\u00f3n del proyecto denominado Anillo de Seguridad Digital. Esta iniciativa, que busca integrar el esquema provincial con el sistema nacional, representa un avance significativo en materia de seguridad electr\u00f3nica para el territorio riojano.<\/p>\n<p data-path-to-node=\"2\">El sistema contempla la instalaci\u00f3n de 25 puntos estrat\u00e9gicos equipados con c\u00e1maras de \u00faltima generaci\u00f3n, dise\u00f1adas para establecer un per\u00edmetro inteligente. La tecnolog\u00eda implementada utiliza lectores de patentes capaces de procesar informaci\u00f3n a velocidades superiores a los 100 kil\u00f3metros por hora, permitiendo la detecci\u00f3n en tiempo real de veh\u00edculos con irregularidades.<\/p>\n<p data-path-to-node=\"3\">Esta red de vigilancia estar\u00e1 conectada a una base de datos nacional, facilitando la identificaci\u00f3n de rodados con pedido de captura, secuestro o vinculados a intervenciones judiciales. Adem\u00e1s, gracias a la incorporaci\u00f3n de inteligencia artificial, el sistema permite filtrar b\u00fasquedas por marca, color y otras caracter\u00edsticas, optimizando el despliegue de operativos policiales y brindando una respuesta m\u00e1s r\u00e1pida ante las necesidades de seguridad ciudadana en los puntos de acceso, egreso y v\u00edas principales de la ciudad.<\/p>\n<p data-path-to-node=\"4\">Redacci\u00f3n: <a class=\"ng-star-inserted\" href=\"https:\/\/www.google.com\/search?q=https:\/\/www.Matizando.com\" target=\"_blank\" rel=\"noopener\" data-hveid=\"0\" data-ved=\"0CAAQ_4QMahcKEwiU3_6fupiUAxUAAAAAHQAAAAAQVQ\">www.Matizando.com<\/a>.ar Correo: prensalarioja@yahoo.com.ar Portales Asociados: <a class=\"ng-star-inserted\" href=\"https:\/\/www.AldoPortugal.com\" target=\"_blank\" rel=\"noopener\" data-hveid=\"0\" data-ved=\"0CAAQ_4QMahcKEwiU3_6fupiUAxUAAAAAHQAAAAAQVg\">www.AldoPortugal.com<\/a>.ar &#8211; <a class=\"ng-star-inserted\" href=\"https:\/\/www.google.com\/search?q=https:\/\/www.LaRiojaChayera.com\" target=\"_blank\" rel=\"noopener\" data-hveid=\"0\" data-ved=\"0CAAQ_4QMahcKEwiU3_6fupiUAxUAAAAAHQAAAAAQVw\">www.LaRiojaChayera.com<\/a>.ar<\/p>\n","protected":false},"excerpt":{"rendered":"<p>&nbsp; El Ministerio provincial, en conjunto con la Polic\u00eda de La Rioja, avanza en la&#8230;<\/p>\n","protected":false},"author":1,"featured_media":44398,"comment_status":"closed","ping_status":"closed","sticky":false,"template":"","format":"standard","meta":{"ngg_post_thumbnail":0,"footnotes":""},"categories":[5,1,3],"tags":[],"_links":{"self":[{"href":"https:\/\/www.matizando.com.ar\/index.php?rest_route=\/wp\/v2\/posts\/46061"}],"collection":[{"href":"https:\/\/www.matizando.com.ar\/index.php?rest_route=\/wp\/v2\/posts"}],"about":[{"href":"https:\/\/www.matizando.com.ar\/index.php?rest_route=\/wp\/v2\/types\/post"}],"author":[{"embeddable":true,"href":"https:\/\/www.matizando.com.ar\/index.php?rest_route=\/wp\/v2\/users\/1"}],"replies":[{"embeddable":true,"href":"https:\/\/www.matizando.com.ar\/index.php?rest_route=%2Fwp%2Fv2%2Fcomments&post=46061"}],"version-history":[{"count":1,"href":"https:\/\/www.matizando.com.ar\/index.php?rest_route=\/wp\/v2\/posts\/46061\/revisions"}],"predecessor-version":[{"id":46063,"href":"https:\/\/www.matizando.com.ar\/index.php?rest_route=\/wp\/v2\/posts\/46061\/revisions\/46063"}],"wp:featuredmedia":[{"embeddable":true,"href":"https:\/\/www.matizando.com.ar\/index.php?rest_route=\/wp\/v2\/media\/44398"}],"wp:attachment":[{"href":"https:\/\/www.matizando.com.ar\/index.php?rest_route=%2Fwp%2Fv2%2Fmedia&parent=46061"}],"wp:term":[{"taxonomy":"category","embeddable":true,"href":"https:\/\/www.matizando.com.ar\/index.php?rest_route=%2Fwp%2Fv2%2Fcategories&post=46061"},{"taxonomy":"post_tag","embeddable":true,"href":"https:\/\/www.matizando.com.ar\/index.php?rest_route=%2Fwp%2Fv2%2Ftags&post=46061"}],"curies":[{"name":"wp","href":"https:\/\/api.w.org\/{rel}","templated":true}]}}