{"id":46049,"date":"2026-05-01T01:30:14","date_gmt":"2026-05-01T01:30:14","guid":{"rendered":"https:\/\/www.matizando.com.ar\/?p=46049"},"modified":"2026-05-01T01:30:23","modified_gmt":"2026-05-01T01:30:23","slug":"clima-alerta-amarilla-por-fuertes-vientos-en-cuatro-departamentos","status":"publish","type":"post","link":"https:\/\/www.matizando.com.ar\/?p=46049","title":{"rendered":"Clima: Alerta amarilla por fuertes vientos en cuatro departamentos"},"content":{"rendered":"<p data-path-to-node=\"3\">El Sistema Provincial de Emergencias inform\u00f3 que las r\u00e1fagas podr\u00edan alcanzar los 60 km\/h en zonas urbanas y superar los 70 km\/h en la cordillera. La advertencia rige para la noche de hoy y durante toda la jornada de este viernes 1 de mayo para Vinchina, Lamadrid, Felipe Varela y Arauco.<\/p>\n<p data-path-to-node=\"4\">El Sistema Provincial de Emergencias La Rioja emiti\u00f3 un alerta amarilla por vientos que podr\u00edan afectar a cuatro departamentos de la provincia. Seg\u00fan el reporte, el alerta rige para los departamentos Vinchina, General Lamadrid, General Felipe Varela y Arauco.<\/p>\n<p data-path-to-node=\"5\">El alerta precis\u00f3 que los vientos llegar\u00edan con r\u00e1fagas que podr\u00edan superar los 70 kil\u00f3metros por hora en la zona de cordillera, mientras que para los departamentos mencionados las r\u00e1fagas alcanzar\u00edan los 50 o 60 kil\u00f3metros por hora.<\/p>\n<p data-path-to-node=\"6\">Este alerta rige para la noche de hoy y para toda la jornada de este viernes 1 de mayo.<\/p>\n<hr data-path-to-node=\"7\">\n<p data-path-to-node=\"8\">Redacci\u00f3n: <a class=\"ng-star-inserted\" href=\"https:\/\/www.google.com\/search?q=https:\/\/www.Matizando.com.ar\" target=\"_blank\" rel=\"noopener\" data-hveid=\"0\" data-ved=\"0CAAQ_4QMahcKEwiT_JP295aUAxUAAAAAHQAAAAAQZw\">www.Matizando.com.ar<\/a><\/p>\n<p data-path-to-node=\"9\">Correo: prensalarioja@yahoo.com.ar<\/p>\n<p data-path-to-node=\"10\">Portales Asociados: <a class=\"ng-star-inserted\" target=\"_blank\" rel=\"noopener\" data-hveid=\"0\" data-ved=\"0CAAQ_4QMahcKEwiT_JP295aUAxUAAAAAHQAAAAAQaA\">www.AldoPortugal.com.ar<\/a> \u2013 <a class=\"ng-star-inserted\" target=\"_blank\" rel=\"noopener\" data-hveid=\"0\" data-ved=\"0CAAQ_4QMahcKEwiT_JP295aUAxUAAAAAHQAAAAAQaQ\">www.LaRiojaChayera.com.ar<\/a><\/p>\n<p data-path-to-node=\"11\">YouTube: Aldo Portugal<\/p>\n","protected":false},"excerpt":{"rendered":"<p>El Sistema Provincial de Emergencias inform\u00f3 que las r\u00e1fagas podr\u00edan alcanzar los 60 km\/h en&#8230;<\/p>\n","protected":false},"author":1,"featured_media":0,"comment_status":"closed","ping_status":"closed","sticky":true,"template":"","format":"standard","meta":{"ngg_post_thumbnail":0,"footnotes":""},"categories":[1,3],"tags":[],"_links":{"self":[{"href":"https:\/\/www.matizando.com.ar\/index.php?rest_route=\/wp\/v2\/posts\/46049"}],"collection":[{"href":"https:\/\/www.matizando.com.ar\/index.php?rest_route=\/wp\/v2\/posts"}],"about":[{"href":"https:\/\/www.matizando.com.ar\/index.php?rest_route=\/wp\/v2\/types\/post"}],"author":[{"embeddable":true,"href":"https:\/\/www.matizando.com.ar\/index.php?rest_route=\/wp\/v2\/users\/1"}],"replies":[{"embeddable":true,"href":"https:\/\/www.matizando.com.ar\/index.php?rest_route=%2Fwp%2Fv2%2Fcomments&post=46049"}],"version-history":[{"count":1,"href":"https:\/\/www.matizando.com.ar\/index.php?rest_route=\/wp\/v2\/posts\/46049\/revisions"}],"predecessor-version":[{"id":46050,"href":"https:\/\/www.matizando.com.ar\/index.php?rest_route=\/wp\/v2\/posts\/46049\/revisions\/46050"}],"wp:attachment":[{"href":"https:\/\/www.matizando.com.ar\/index.php?rest_route=%2Fwp%2Fv2%2Fmedia&parent=46049"}],"wp:term":[{"taxonomy":"category","embeddable":true,"href":"https:\/\/www.matizando.com.ar\/index.php?rest_route=%2Fwp%2Fv2%2Fcategories&post=46049"},{"taxonomy":"post_tag","embeddable":true,"href":"https:\/\/www.matizando.com.ar\/index.php?rest_route=%2Fwp%2Fv2%2Ftags&post=46049"}],"curies":[{"name":"wp","href":"https:\/\/api.w.org\/{rel}","templated":true}]}}