{"id":46042,"date":"2026-04-30T11:31:43","date_gmt":"2026-04-30T11:31:43","guid":{"rendered":"https:\/\/www.matizando.com.ar\/?p=46042"},"modified":"2026-04-30T11:32:53","modified_gmt":"2026-04-30T11:32:53","slug":"chile-condicionados-por-los-factores-externos","status":"publish","type":"post","link":"https:\/\/www.matizando.com.ar\/?p=46042","title":{"rendered":"Chile: Condicionados por los FActores externos"},"content":{"rendered":"<p data-path-to-node=\"1\">La econom\u00eda chilena transita por una etapa de moderaci\u00f3n y ajuste durante este primer semestre de 2026, enfrentando un escenario internacional complejo que ha condicionado sus perspectivas de crecimiento. A pesar de los factores externos adversos, el pa\u00eds mantiene una estructura que le permite encarar los retos actuales con una base de resiliencia, aunque con una creciente cautela tanto en los mercados como en la percepci\u00f3n ciudadana.<\/p>\n<p data-path-to-node=\"2\">Los indicadores recientes muestran que el crecimiento del Producto Bruto Interno se proyecta en un rango conservador, situ\u00e1ndose entre el 1,5% y el 2,5% para el presente a\u00f1o. Esta moderaci\u00f3n responde, en gran medida, a la incertidumbre global derivada de conflictos internacionales que han impactado directamente en los precios de la energ\u00eda y los combustibles. Esta escalada en los costos energ\u00e9ticos ha generado una presi\u00f3n adicional sobre la inflaci\u00f3n, afectando el costo de vida de las familias chilenas y enfriando, en consecuencia, las expectativas de consumo interno.<\/p>\n<p data-path-to-node=\"3\">En el mercado laboral, la cifra de desempleo se mantiene como un indicador de atenci\u00f3n, situ\u00e1ndose cerca del 8,9% en el primer trimestre del a\u00f1o. Este panorama de empleo, sumado a un entorno de mayor cautela por parte de los inversionistas y a un ajuste en el gasto fiscal, marca una din\u00e1mica en la que la prudencia se ha vuelto el eje de la toma de decisiones.<\/p>\n<p data-path-to-node=\"4\">A pesar de este clima de incertidumbre, Chile contin\u00faa operando bajo una gesti\u00f3n macroecon\u00f3mica que busca salvaguardar la estabilidad. El desaf\u00edo para los pr\u00f3ximos meses ser\u00e1 equilibrar las pol\u00edticas de control inflacionario con la necesidad de fomentar la inversi\u00f3n y dinamizar la actividad productiva. La capacidad del pa\u00eds para navegar estas turbulencias depender\u00e1 de su habilidad para adaptarse a las nuevas condiciones del mercado global, manteniendo la disciplina fiscal como pilar para asegurar la sostenibilidad del desarrollo a largo plazo.<\/p>\n<p data-path-to-node=\"5\">Redacci\u00f3n: <a class=\"ng-star-inserted\" href=\"https:\/\/www.google.com\/search?q=https:\/\/www.Matizando.com\" target=\"_blank\" rel=\"noopener\" data-hveid=\"0\" data-ved=\"0CAAQ_4QMahgKEwiLobLEs5WUAxUAAAAAHQAAAAAQ-wE\">www.Matizando.com<\/a>.ar Correo: prensalarioja@yahoo.com.ar Portales Asociados: <a class=\"ng-star-inserted\" href=\"https:\/\/www.AldoPortugal.com\" target=\"_blank\" rel=\"noopener\" data-hveid=\"0\" data-ved=\"0CAAQ_4QMahgKEwiLobLEs5WUAxUAAAAAHQAAAAAQ_AE\">www.AldoPortugal.com<\/a>.ar &#8211; <a class=\"ng-star-inserted\" href=\"https:\/\/www.google.com\/search?q=https:\/\/www.LaRiojaChayera.com\" target=\"_blank\" rel=\"noopener\" data-hveid=\"0\" data-ved=\"0CAAQ_4QMahgKEwiLobLEs5WUAxUAAAAAHQAAAAAQ_QE\">www.LaRiojaChayera.com<\/a>.ar<\/p>\n","protected":false},"excerpt":{"rendered":"<p>La econom\u00eda chilena transita por una etapa de moderaci\u00f3n y ajuste durante este primer semestre&#8230;<\/p>\n","protected":false},"author":1,"featured_media":46043,"comment_status":"closed","ping_status":"closed","sticky":true,"template":"","format":"standard","meta":{"ngg_post_thumbnail":0,"footnotes":""},"categories":[5,1,3],"tags":[],"_links":{"self":[{"href":"https:\/\/www.matizando.com.ar\/index.php?rest_route=\/wp\/v2\/posts\/46042"}],"collection":[{"href":"https:\/\/www.matizando.com.ar\/index.php?rest_route=\/wp\/v2\/posts"}],"about":[{"href":"https:\/\/www.matizando.com.ar\/index.php?rest_route=\/wp\/v2\/types\/post"}],"author":[{"embeddable":true,"href":"https:\/\/www.matizando.com.ar\/index.php?rest_route=\/wp\/v2\/users\/1"}],"replies":[{"embeddable":true,"href":"https:\/\/www.matizando.com.ar\/index.php?rest_route=%2Fwp%2Fv2%2Fcomments&post=46042"}],"version-history":[{"count":1,"href":"https:\/\/www.matizando.com.ar\/index.php?rest_route=\/wp\/v2\/posts\/46042\/revisions"}],"predecessor-version":[{"id":46044,"href":"https:\/\/www.matizando.com.ar\/index.php?rest_route=\/wp\/v2\/posts\/46042\/revisions\/46044"}],"wp:featuredmedia":[{"embeddable":true,"href":"https:\/\/www.matizando.com.ar\/index.php?rest_route=\/wp\/v2\/media\/46043"}],"wp:attachment":[{"href":"https:\/\/www.matizando.com.ar\/index.php?rest_route=%2Fwp%2Fv2%2Fmedia&parent=46042"}],"wp:term":[{"taxonomy":"category","embeddable":true,"href":"https:\/\/www.matizando.com.ar\/index.php?rest_route=%2Fwp%2Fv2%2Fcategories&post=46042"},{"taxonomy":"post_tag","embeddable":true,"href":"https:\/\/www.matizando.com.ar\/index.php?rest_route=%2Fwp%2Fv2%2Ftags&post=46042"}],"curies":[{"name":"wp","href":"https:\/\/api.w.org\/{rel}","templated":true}]}}