{"id":46035,"date":"2026-04-30T11:17:32","date_gmt":"2026-04-30T11:17:32","guid":{"rendered":"https:\/\/www.matizando.com.ar\/?p=46035"},"modified":"2026-04-30T11:20:24","modified_gmt":"2026-04-30T11:20:24","slug":"el-alcance-global-del-primero-de-mayo-una-conmemoracion-internacional","status":"publish","type":"post","link":"https:\/\/www.matizando.com.ar\/?p=46035","title":{"rendered":"El alcance global del Primero de Mayo: Una conmemoraci\u00f3n internacional"},"content":{"rendered":"<p id=\"p-rc_926c7cc9ffd17d93-35\" data-path-to-node=\"1\"><span class=\"citation-33 citation-end-33\">El D\u00eda Internacional de los Trabajadores, que se conmemora cada 1 de mayo en Argentina, es una jornada con un profundo arraigo hist\u00f3rico que trasciende las fronteras nacionales.<\/span> <span class=\"citation-32 citation-end-32\">Esta fecha, que rinde homenaje a los M\u00e1rtires de Chicago y a la lucha hist\u00f3rica por la reducci\u00f3n de la jornada laboral, es compartida por la gran mayor\u00eda de las naciones del mundo, consolid\u00e1ndose como una de las celebraciones civiles de mayor alcance global.<\/span><\/p>\n<p>&nbsp;<\/p>\n<p data-path-to-node=\"2\">La elecci\u00f3n del 1 de mayo como s\u00edmbolo del movimiento obrero es un fen\u00f3meno extendido en casi toda Europa, donde pa\u00edses como Espa\u00f1a, Francia, Italia, Alemania y Portugal mantienen la fecha como una jornada festiva y de reivindicaci\u00f3n sindical. De manera similar, la mayor\u00eda de los pa\u00edses de Am\u00e9rica Latina, incluyendo a M\u00e9xico, Brasil, Colombia y Chile, entre muchos otros, mantienen la conmemoraci\u00f3n en esta misma jornada, aline\u00e1ndose con el calendario internacional.<\/p>\n<p id=\"p-rc_926c7cc9ffd17d93-36\" data-path-to-node=\"3\">Si bien la esencia de la lucha por los derechos laborales es un concepto universal, es importante destacar que no todos los pa\u00edses celebran esta fecha el mismo d\u00eda. <span class=\"citation-31 citation-end-31\">Algunas naciones han optado por fijar el D\u00eda del Trabajo en jornadas distintas, a menudo por razones hist\u00f3ricas o pol\u00edticas internas.<\/span><\/p>\n<p>&nbsp;<\/p>\n<p id=\"p-rc_926c7cc9ffd17d93-37\" data-path-to-node=\"4\"><span class=\"citation-30 citation-end-30\">Entre las excepciones m\u00e1s notables se encuentran Estados Unidos y Canad\u00e1.<\/span> <span class=\"citation-29 citation-end-29\">En estos pa\u00edses, el \u00abLabor Day\u00bb se celebra el primer lunes de septiembre.<\/span> <span class=\"citation-28 citation-end-28\">Esta diferencia tiene su origen en la voluntad pol\u00edtica de desvincular la celebraci\u00f3n de las connotaciones socialistas y de conflicto social que el 1 de mayo adquiri\u00f3 en su origen, buscando una fecha que, en aquel contexto hist\u00f3rico, fuera percibida como una alternativa menos conflictiva.<\/span><\/p>\n<p>&nbsp;<\/p>\n<p id=\"p-rc_926c7cc9ffd17d93-38\" data-path-to-node=\"5\"><span class=\"citation-27 citation-end-27\">Otros casos particulares incluyen a naciones como Australia, donde la fecha de conmemoraci\u00f3n var\u00eda significativamente entre sus distintos estados y territorios, reflejando una descentralizaci\u00f3n en la organizaci\u00f3n de los feriados nacionales.<\/span> <span class=\"citation-26 citation-end-26\">Nueva Zelanda es otro ejemplo donde la fecha se ajusta a calendarios locales, situ\u00e1ndose generalmente en el cuarto lunes de octubre.<\/span><\/p>\n<p>&nbsp;<\/p>\n<p data-path-to-node=\"6\">A pesar de estas variaciones en el calendario, el 1 de mayo permanece como el referente indiscutible del movimiento obrero a nivel global, unificando bajo una misma fecha las voces y los reclamos de los trabajadores en la mayor parte del mundo.<\/p>\n<p data-path-to-node=\"7\">Redacci\u00f3n: <a class=\"ng-star-inserted\" href=\"https:\/\/www.google.com\/search?q=https:\/\/www.Matizando.com\" target=\"_blank\" rel=\"noopener\" data-hveid=\"0\" data-ved=\"0CAAQ_4QMahgKEwiLobLEs5WUAxUAAAAAHQAAAAAQmQE\">www.Matizando.com<\/a>.ar Correo: prensalarioja@yahoo.com.ar Portales Asociados: <a class=\"ng-star-inserted\" href=\"https:\/\/www.aldoportugal.com\/\" target=\"_blank\" rel=\"noopener\" data-hveid=\"0\" data-ved=\"0CAAQ_4QMahgKEwiLobLEs5WUAxUAAAAAHQAAAAAQmgE\">www.AldoPortugal.com<\/a>.ar &#8211; <a class=\"ng-star-inserted\" href=\"https:\/\/www.google.com\/search?q=https:\/\/www.LaRiojaChayera.com\" target=\"_blank\" rel=\"noopener\" data-hveid=\"0\" data-ved=\"0CAAQ_4QMahgKEwiLobLEs5WUAxUAAAAAHQAAAAAQmwE\">www.LaRiojaChayera.com<\/a>.ar<\/p>\n","protected":false},"excerpt":{"rendered":"<p>El D\u00eda Internacional de los Trabajadores, que se conmemora cada 1 de mayo en Argentina,&#8230;<\/p>\n","protected":false},"author":1,"featured_media":46036,"comment_status":"closed","ping_status":"closed","sticky":true,"template":"","format":"standard","meta":{"ngg_post_thumbnail":0,"footnotes":""},"categories":[5,1,3],"tags":[],"_links":{"self":[{"href":"https:\/\/www.matizando.com.ar\/index.php?rest_route=\/wp\/v2\/posts\/46035"}],"collection":[{"href":"https:\/\/www.matizando.com.ar\/index.php?rest_route=\/wp\/v2\/posts"}],"about":[{"href":"https:\/\/www.matizando.com.ar\/index.php?rest_route=\/wp\/v2\/types\/post"}],"author":[{"embeddable":true,"href":"https:\/\/www.matizando.com.ar\/index.php?rest_route=\/wp\/v2\/users\/1"}],"replies":[{"embeddable":true,"href":"https:\/\/www.matizando.com.ar\/index.php?rest_route=%2Fwp%2Fv2%2Fcomments&post=46035"}],"version-history":[{"count":1,"href":"https:\/\/www.matizando.com.ar\/index.php?rest_route=\/wp\/v2\/posts\/46035\/revisions"}],"predecessor-version":[{"id":46037,"href":"https:\/\/www.matizando.com.ar\/index.php?rest_route=\/wp\/v2\/posts\/46035\/revisions\/46037"}],"wp:featuredmedia":[{"embeddable":true,"href":"https:\/\/www.matizando.com.ar\/index.php?rest_route=\/wp\/v2\/media\/46036"}],"wp:attachment":[{"href":"https:\/\/www.matizando.com.ar\/index.php?rest_route=%2Fwp%2Fv2%2Fmedia&parent=46035"}],"wp:term":[{"taxonomy":"category","embeddable":true,"href":"https:\/\/www.matizando.com.ar\/index.php?rest_route=%2Fwp%2Fv2%2Fcategories&post=46035"},{"taxonomy":"post_tag","embeddable":true,"href":"https:\/\/www.matizando.com.ar\/index.php?rest_route=%2Fwp%2Fv2%2Ftags&post=46035"}],"curies":[{"name":"wp","href":"https:\/\/api.w.org\/{rel}","templated":true}]}}