{"id":46027,"date":"2026-04-30T10:55:18","date_gmt":"2026-04-30T10:55:18","guid":{"rendered":"https:\/\/www.matizando.com.ar\/?p=46027"},"modified":"2026-04-30T10:55:25","modified_gmt":"2026-04-30T10:55:25","slug":"cgt-moviliza-a-plaza-de-mayo-bajo-tension-interna","status":"publish","type":"post","link":"https:\/\/www.matizando.com.ar\/?p=46027","title":{"rendered":"CGT moviliza a Plaza de Mayo bajo tensi\u00f3n interna"},"content":{"rendered":"<p data-path-to-node=\"1\">La Confederaci\u00f3n General del Trabajo (CGT) llevar\u00e1 adelante este jueves un acto en la Plaza de Mayo con motivo de la conmemoraci\u00f3n del D\u00eda del Trabajador. La jornada estar\u00e1 marcada por una fuerte impronta cr\u00edtica hacia la gesti\u00f3n del gobierno de Javier Milei y se desarrollar\u00e1 en un clima de tensi\u00f3n interna, ante los reclamos de diversos sectores gremiales que exigen una postura m\u00e1s combativa frente a las pol\u00edticas econ\u00f3micas y la reforma laboral.<\/p>\n<p data-path-to-node=\"2\">El acto contar\u00e1 con los discursos de los tres miembros del triunvirato cegetista: Jorge Sola, Cristian Jer\u00f3nimo y Octavio Arg\u00fcello. Durante la jornada se rendir\u00e1 un homenaje al Papa Francisco y se dar\u00e1 lectura a un documento titulado \u00abEl trabajo es con derechos o es esclavo\u00bb, el cual concentra severas cr\u00edticas sobre el impacto de las medidas oficiales, tales como el cierre de empresas, la ca\u00edda del consumo y los despidos en diversos sectores.<\/p>\n<p data-path-to-node=\"3\">Para la movilizaci\u00f3n, los gremios han comprometido una nutrida presencia de trabajadores. Entre las organizaciones que movilizar\u00e1n sus columnas se encuentran Camioneros, UOCRA, UPCN, Sanidad, Obras Sanitarias, la CATT y docentes de UDA. Asimismo, se integrar\u00e1n a la convocatoria sectores del Partido Justicialista alineados con Axel Kicillof y La C\u00e1mpora, adem\u00e1s de la Uni\u00f3n de Trabajadores de la Econom\u00eda Popular (UTEP), consolidando una comisi\u00f3n organizadora plural.<\/p>\n<p data-path-to-node=\"4\">La izquierda, por su parte, realizar\u00e1 su propio acto en la Plaza de Mayo el pr\u00f3ximo 1 de mayo. A su vez, el Frente de Sindicatos Unidos (FRESU), que integran la UOM, Aceiteros, ATE y las dos CTA, mantendr\u00e1 su postura diferenciada y llevar\u00e1 a cabo un plenario este viernes en Pilar para debatir la construcci\u00f3n de un programa del movimiento obrero.<\/p>\n<p data-path-to-node=\"5\">Esta movilizaci\u00f3n se produce tras el surgimiento de nuevas voces cr\u00edticas al interior de la c\u00fapula sindical. A la ya conocida postura del sector liderado por Abel Furl\u00e1n (UOM), se sum\u00f3 recientemente una reuni\u00f3n en la sede de la Uni\u00f3n Tranviarios Automotor (UTA). En dicho encuentro, dirigentes como Roberto Fern\u00e1ndez, Luis Barrionuevo y Omar Maturano, junto a otros l\u00edderes gremiales, manifestaron su malestar por lo que consideran una estrategia pasiva de la CGT, limitada a instancias judiciales contra la reforma laboral. Estos sectores han acordado solicitar formalmente al triunvirato la convocatoria a un plenario de secretarios generales con el objetivo de discutir y definir un plan de lucha contra las medidas gubernamentales.<\/p>\n<p data-path-to-node=\"6\">Redacci\u00f3n: <a class=\"ng-star-inserted\" href=\"https:\/\/www.google.com\/search?q=https:\/\/www.Matizando.com\" target=\"_blank\" rel=\"noopener\" data-hveid=\"0\" data-ved=\"0CAAQ_4QMahcKEwiLobLEs5WUAxUAAAAAHQAAAAAQPQ\">www.Matizando.com<\/a>.ar Correo: prensalarioja@yahoo.com.ar Portales Asociados: <a class=\"ng-star-inserted\" href=\"https:\/\/www.AldoPortugal.com\" target=\"_blank\" rel=\"noopener\" data-hveid=\"0\" data-ved=\"0CAAQ_4QMahcKEwiLobLEs5WUAxUAAAAAHQAAAAAQPg\">www.AldoPortugal.com<\/a>.ar &#8211; <a class=\"ng-star-inserted\" href=\"https:\/\/www.google.com\/search?q=https:\/\/www.LaRiojaChayera.com\" target=\"_blank\" rel=\"noopener\" data-hveid=\"0\" data-ved=\"0CAAQ_4QMahcKEwiLobLEs5WUAxUAAAAAHQAAAAAQPw\">www.LaRiojaChayera.com<\/a>.ar<\/p>\n","protected":false},"excerpt":{"rendered":"<p>La Confederaci\u00f3n General del Trabajo (CGT) llevar\u00e1 adelante este jueves un acto en la Plaza&#8230;<\/p>\n","protected":false},"author":1,"featured_media":44295,"comment_status":"closed","ping_status":"closed","sticky":true,"template":"","format":"standard","meta":{"ngg_post_thumbnail":0,"footnotes":""},"categories":[5,1,3],"tags":[],"_links":{"self":[{"href":"https:\/\/www.matizando.com.ar\/index.php?rest_route=\/wp\/v2\/posts\/46027"}],"collection":[{"href":"https:\/\/www.matizando.com.ar\/index.php?rest_route=\/wp\/v2\/posts"}],"about":[{"href":"https:\/\/www.matizando.com.ar\/index.php?rest_route=\/wp\/v2\/types\/post"}],"author":[{"embeddable":true,"href":"https:\/\/www.matizando.com.ar\/index.php?rest_route=\/wp\/v2\/users\/1"}],"replies":[{"embeddable":true,"href":"https:\/\/www.matizando.com.ar\/index.php?rest_route=%2Fwp%2Fv2%2Fcomments&post=46027"}],"version-history":[{"count":1,"href":"https:\/\/www.matizando.com.ar\/index.php?rest_route=\/wp\/v2\/posts\/46027\/revisions"}],"predecessor-version":[{"id":46028,"href":"https:\/\/www.matizando.com.ar\/index.php?rest_route=\/wp\/v2\/posts\/46027\/revisions\/46028"}],"wp:featuredmedia":[{"embeddable":true,"href":"https:\/\/www.matizando.com.ar\/index.php?rest_route=\/wp\/v2\/media\/44295"}],"wp:attachment":[{"href":"https:\/\/www.matizando.com.ar\/index.php?rest_route=%2Fwp%2Fv2%2Fmedia&parent=46027"}],"wp:term":[{"taxonomy":"category","embeddable":true,"href":"https:\/\/www.matizando.com.ar\/index.php?rest_route=%2Fwp%2Fv2%2Fcategories&post=46027"},{"taxonomy":"post_tag","embeddable":true,"href":"https:\/\/www.matizando.com.ar\/index.php?rest_route=%2Fwp%2Fv2%2Ftags&post=46027"}],"curies":[{"name":"wp","href":"https:\/\/api.w.org\/{rel}","templated":true}]}}