{"id":46017,"date":"2026-04-29T11:58:23","date_gmt":"2026-04-29T11:58:23","guid":{"rendered":"https:\/\/www.matizando.com.ar\/?p=46017"},"modified":"2026-04-29T13:17:05","modified_gmt":"2026-04-29T13:17:05","slug":"historica-ley-de-promocion-a-las-inversiones-turisticas","status":"publish","type":"post","link":"https:\/\/www.matizando.com.ar\/?p=46017","title":{"rendered":"Hist\u00f3rica Ley de Promoci\u00f3n a las Inversiones Tur\u00edsticas"},"content":{"rendered":"<h2 data-path-to-node=\"0\">Un paso decisivo para el desarrollo de La Rioja<\/h2>\n<p data-path-to-node=\"1\">En una jornada encabezada por el ministro de Turismo y Culturas, <b data-path-to-node=\"1\" data-index-in-node=\"65\">Gustavo Luna y el Secretario de Turismo de La Rioja Jos\u00e9 Rosa<\/b>, se realiz\u00f3 el encuentro previo a la presentaci\u00f3n oficial del proyecto de <b data-path-to-node=\"1\" data-index-in-node=\"210\">Ley de Promoci\u00f3n a las Inversiones Tur\u00edsticas<\/b> ante la Legislatura Provincial.<\/p>\n<p data-path-to-node=\"2\">Esta iniciativa se perfila como una herramienta estrat\u00e9gica sin precedentes, dise\u00f1ada espec\u00edficamente para transformar el mapa econ\u00f3mico de la provincia a trav\u00e9s del fortalecimiento del sector tur\u00edstico.<\/p>\n<h3 data-path-to-node=\"3\">Pilares del proyecto: Inversi\u00f3n y Desarrollo Sostenible<\/h3>\n<p data-path-to-node=\"4\">La futura ley busca establecer un marco jur\u00eddico s\u00f3lido que ofrezca previsibilidad y beneficios concretos para quienes decidan apostar por el territorio riojano. Entre sus objetivos principales se destacan:<\/p>\n<ul data-path-to-node=\"5\">\n<li>\n<p data-path-to-node=\"5,0,0\"><b data-path-to-node=\"5,0,0\" data-index-in-node=\"0\">Atracci\u00f3n de Capitales:<\/b> Incentivos fiscales y facilidades administrativas para la radicaci\u00f3n de nuevos emprendimientos hoteleros, gastron\u00f3micos y de servicios.<\/p>\n<\/li>\n<li>\n<p data-path-to-node=\"5,1,0\"><b data-path-to-node=\"5,1,0\" data-index-in-node=\"0\">Generaci\u00f3n de Empleo:<\/b> Se espera que la dinamizaci\u00f3n del sector cree nuevas oportunidades laborales directas e indirectas en todo el interior provincial.<\/p>\n<\/li>\n<li>\n<p data-path-to-node=\"5,2,0\"><b data-path-to-node=\"5,2,0\" data-index-in-node=\"0\">Planificaci\u00f3n Estrat\u00e9gica:<\/b> Un enfoque basado en el crecimiento ordenado y el respeto por el patrimonio natural y cultural.<\/p>\n<\/li>\n<li>\n<p data-path-to-node=\"5,3,0\"><b data-path-to-node=\"5,3,0\" data-index-in-node=\"0\">Sostenibilidad:<\/b> El proyecto pone \u00e9nfasis en el desarrollo sostenible, asegurando que el crecimiento del turismo no comprometa los recursos de las futuras generaciones.<\/p>\n<\/li>\n<\/ul>\n<h3 data-path-to-node=\"6\">Un rumbo definido para el futuro provincial<\/h3>\n<p data-path-to-node=\"7\">Para las autoridades provinciales, esta ley no es un hecho aislado, sino la confirmaci\u00f3n de un rumbo que prioriza el crecimiento con planificaci\u00f3n. La Rioja busca consolidarse como un destino competitivo a nivel nacional e internacional, aprovechando su vasta riqueza paisaj\u00edstica y su acervo hist\u00f3rico.<\/p>\n<p data-path-to-node=\"8\">La presentaci\u00f3n ante la Legislatura marcar\u00e1 el inicio de un proceso legislativo que los actores del sector tur\u00edstico consideran vital para dar el salto de calidad que la provincia requiere. Con esta herramienta, se pretende dotar al Estado y al sector privado de un instrumento moderno que permita captar inversiones y transformarlas en una mejor calidad de vida para todos los riojanos.<\/p>\n<hr data-path-to-node=\"9\">\n<p data-path-to-node=\"10\">Redacci\u00f3n: <a class=\"ng-star-inserted\" href=\"https:\/\/www.google.com\/search?q=https:\/\/www.Matizando.com\" target=\"_blank\" rel=\"noopener\" data-hveid=\"0\" data-ved=\"0CAAQ_4QMahgKEwiF87eT85KUAxUAAAAAHQAAAAAQvwI\">www.Matizando.com<\/a>.ar<\/p>\n<p data-path-to-node=\"10\">Correo: prensalarioja@yahoo.com.ar<\/p>\n<p data-path-to-node=\"10\">Portales Asociados: <a class=\"ng-star-inserted\" href=\"https:\/\/www.AldoPortugal.com\" target=\"_blank\" rel=\"noopener\" data-hveid=\"0\" data-ved=\"0CAAQ_4QMahgKEwiF87eT85KUAxUAAAAAHQAAAAAQwAI\">www.AldoPortugal.com<\/a>.ar &#8211; <a class=\"ng-star-inserted\" href=\"https:\/\/www.google.com\/search?q=https:\/\/www.LaRiojaChayera.com\" target=\"_blank\" rel=\"noopener\" data-hveid=\"0\" data-ved=\"0CAAQ_4QMahgKEwiF87eT85KUAxUAAAAAHQAAAAAQwQI\">www.LaRiojaChayera.com<\/a>.ar<\/p>\n","protected":false},"excerpt":{"rendered":"<p>Un paso decisivo para el desarrollo de La Rioja En una jornada encabezada por el&#8230;<\/p>\n","protected":false},"author":1,"featured_media":46018,"comment_status":"closed","ping_status":"closed","sticky":true,"template":"","format":"standard","meta":{"ngg_post_thumbnail":0,"footnotes":""},"categories":[5,1,3],"tags":[],"_links":{"self":[{"href":"https:\/\/www.matizando.com.ar\/index.php?rest_route=\/wp\/v2\/posts\/46017"}],"collection":[{"href":"https:\/\/www.matizando.com.ar\/index.php?rest_route=\/wp\/v2\/posts"}],"about":[{"href":"https:\/\/www.matizando.com.ar\/index.php?rest_route=\/wp\/v2\/types\/post"}],"author":[{"embeddable":true,"href":"https:\/\/www.matizando.com.ar\/index.php?rest_route=\/wp\/v2\/users\/1"}],"replies":[{"embeddable":true,"href":"https:\/\/www.matizando.com.ar\/index.php?rest_route=%2Fwp%2Fv2%2Fcomments&post=46017"}],"version-history":[{"count":3,"href":"https:\/\/www.matizando.com.ar\/index.php?rest_route=\/wp\/v2\/posts\/46017\/revisions"}],"predecessor-version":[{"id":46026,"href":"https:\/\/www.matizando.com.ar\/index.php?rest_route=\/wp\/v2\/posts\/46017\/revisions\/46026"}],"wp:featuredmedia":[{"embeddable":true,"href":"https:\/\/www.matizando.com.ar\/index.php?rest_route=\/wp\/v2\/media\/46018"}],"wp:attachment":[{"href":"https:\/\/www.matizando.com.ar\/index.php?rest_route=%2Fwp%2Fv2%2Fmedia&parent=46017"}],"wp:term":[{"taxonomy":"category","embeddable":true,"href":"https:\/\/www.matizando.com.ar\/index.php?rest_route=%2Fwp%2Fv2%2Fcategories&post=46017"},{"taxonomy":"post_tag","embeddable":true,"href":"https:\/\/www.matizando.com.ar\/index.php?rest_route=%2Fwp%2Fv2%2Ftags&post=46017"}],"curies":[{"name":"wp","href":"https:\/\/api.w.org\/{rel}","templated":true}]}}