{"id":46005,"date":"2026-04-29T11:13:10","date_gmt":"2026-04-29T11:13:10","guid":{"rendered":"https:\/\/www.matizando.com.ar\/?p=46005"},"modified":"2026-04-29T11:15:57","modified_gmt":"2026-04-29T11:15:57","slug":"eucop-la-normalizacion-de-facturas-de-servicios-se-aplicara-en-ocho-cuotas-para-mitigar-el-impacto-el-titular-del-ente-unico-de-control-de-privatizaciones-eucop-remo-bolognesi-brindo-precisiones","status":"publish","type":"post","link":"https:\/\/www.matizando.com.ar\/?p=46005","title":{"rendered":"EUCOP: La normalizaci\u00f3n de facturas de servicios se aplicar\u00e1 en ocho cuotas para mitigar el impacto"},"content":{"rendered":"<p data-path-to-node=\"1\">El titular del Ente \u00danico de Control de Privatizaciones (EUCOP), <b data-path-to-node=\"1\" data-index-in-node=\"65\">Remo Bolognesi<\/b>, brind\u00f3 precisiones sobre la implementaci\u00f3n del <b data-path-to-node=\"1\" data-index-in-node=\"128\">decreto 1037\/2025<\/b>, el cual establece la normalizaci\u00f3n de los vencimientos en las boletas de servicios p\u00fablicos. La medida busca regularizar el desajuste administrativo generado durante la pandemia de COVID-19.<\/p>\n<p data-path-to-node=\"2\">Bolognesi aclar\u00f3 que esta disposici\u00f3n no representa un incremento en la tarifa ni la creaci\u00f3n de nuevos grav\u00e1menes, sino que se trata de una correcci\u00f3n t\u00e9cnica de los plazos de pago.<\/p>\n<h3 data-path-to-node=\"3\">El origen del desajuste<\/h3>\n<p data-path-to-node=\"4\">Desde el a\u00f1o 2020, bajo el decreto 892\/2020 emitido en el contexto de la emergencia sanitaria, se facult\u00f3 a los usuarios a abonar sus consumos a los <b data-path-to-node=\"4\" data-index-in-node=\"149\">60 d\u00edas<\/b> de finalizado el per\u00edodo. Con la nueva normativa, el sistema regresa a su esquema habitual de pagos a <b data-path-to-node=\"4\" data-index-in-node=\"259\">30 d\u00edas<\/b>.<\/p>\n<blockquote data-path-to-node=\"5\">\n<p data-path-to-node=\"5,0\">\u00abNo se trata de un impuesto nuevo ni de un cargo adicional. No hay una tasa ni una erogaci\u00f3n inventada, sino una adecuaci\u00f3n para volver al esquema normal\u00bb, subray\u00f3 el funcionario.<\/p>\n<\/blockquote>\n<h3 data-path-to-node=\"6\">Plan de regularizaci\u00f3n en ocho etapas<\/h3>\n<p data-path-to-node=\"7\">Para evitar que el acortamiento de los plazos financieros afecte bruscamente el bolsillo de los riojanos, el ente regulador acord\u00f3 con la empresa distribuidora un mecanismo de pago prorrateado:<\/p>\n<ul data-path-to-node=\"8\">\n<li>\n<p data-path-to-node=\"8,0,0\"><b data-path-to-node=\"8,0,0\" data-index-in-node=\"0\">Alcance:<\/b> El monto correspondiente al per\u00edodo de desfasaje se dividir\u00e1 en <b data-path-to-node=\"8,0,0\" data-index-in-node=\"73\">ocho cuotas consecutivas<\/b>.<\/p>\n<\/li>\n<li>\n<p data-path-to-node=\"8,1,0\"><b data-path-to-node=\"8,1,0\" data-index-in-node=\"0\">Implementaci\u00f3n:<\/b> Cada cuota representar\u00e1 una octava parte del valor a regularizar y se ver\u00e1 reflejada en las pr\u00f3ximas facturas mensuales.<\/p>\n<\/li>\n<li>\n<p data-path-to-node=\"8,2,0\"><b data-path-to-node=\"8,2,0\" data-index-in-node=\"0\">Objetivo:<\/b> Reducir el impacto econ\u00f3mico directo, permitiendo que la transici\u00f3n hacia el cronograma de vencimientos original sea gradual.<\/p>\n<\/li>\n<\/ul>\n<p data-path-to-node=\"9\">Esta medida de normalizaci\u00f3n administrativa pretende dar cierre a una de las \u00faltimas disposiciones excepcionales vigentes desde el periodo 2020-2021, restableciendo la previsibilidad en la cadena de facturaci\u00f3n y cobro de los servicios esenciales en la provincia.<\/p>\n<hr data-path-to-node=\"10\">\n<p data-path-to-node=\"11\">Redacci\u00f3n: <a class=\"ng-star-inserted\" href=\"https:\/\/www.google.com\/search?q=https:\/\/www.Matizando.com\" target=\"_blank\" rel=\"noopener\" data-hveid=\"0\" data-ved=\"0CAAQ_4QMahcKEwiF87eT85KUAxUAAAAAHQAAAAAQYQ\">www.Matizando.com<\/a>.ar Correo: prensalarioja@yahoo.com.ar Portales Asociados: <a class=\"ng-star-inserted\" href=\"https:\/\/www.AldoPortugal.com\" target=\"_blank\" rel=\"noopener\" data-hveid=\"0\" data-ved=\"0CAAQ_4QMahcKEwiF87eT85KUAxUAAAAAHQAAAAAQYg\">www.AldoPortugal.com<\/a>.ar &#8211; <a class=\"ng-star-inserted\" href=\"https:\/\/www.google.com\/search?q=https:\/\/www.LaRiojaChayera.com\" target=\"_blank\" rel=\"noopener\" data-hveid=\"0\" data-ved=\"0CAAQ_4QMahcKEwiF87eT85KUAxUAAAAAHQAAAAAQYw\">www.LaRiojaChayera.com<\/a>.ar<\/p>\n","protected":false},"excerpt":{"rendered":"<p>El titular del Ente \u00danico de Control de Privatizaciones (EUCOP), Remo Bolognesi, brind\u00f3 precisiones sobre&#8230;<\/p>\n","protected":false},"author":1,"featured_media":0,"comment_status":"closed","ping_status":"closed","sticky":true,"template":"","format":"standard","meta":{"ngg_post_thumbnail":0,"footnotes":""},"categories":[1,3],"tags":[],"_links":{"self":[{"href":"https:\/\/www.matizando.com.ar\/index.php?rest_route=\/wp\/v2\/posts\/46005"}],"collection":[{"href":"https:\/\/www.matizando.com.ar\/index.php?rest_route=\/wp\/v2\/posts"}],"about":[{"href":"https:\/\/www.matizando.com.ar\/index.php?rest_route=\/wp\/v2\/types\/post"}],"author":[{"embeddable":true,"href":"https:\/\/www.matizando.com.ar\/index.php?rest_route=\/wp\/v2\/users\/1"}],"replies":[{"embeddable":true,"href":"https:\/\/www.matizando.com.ar\/index.php?rest_route=%2Fwp%2Fv2%2Fcomments&post=46005"}],"version-history":[{"count":2,"href":"https:\/\/www.matizando.com.ar\/index.php?rest_route=\/wp\/v2\/posts\/46005\/revisions"}],"predecessor-version":[{"id":46007,"href":"https:\/\/www.matizando.com.ar\/index.php?rest_route=\/wp\/v2\/posts\/46005\/revisions\/46007"}],"wp:attachment":[{"href":"https:\/\/www.matizando.com.ar\/index.php?rest_route=%2Fwp%2Fv2%2Fmedia&parent=46005"}],"wp:term":[{"taxonomy":"category","embeddable":true,"href":"https:\/\/www.matizando.com.ar\/index.php?rest_route=%2Fwp%2Fv2%2Fcategories&post=46005"},{"taxonomy":"post_tag","embeddable":true,"href":"https:\/\/www.matizando.com.ar\/index.php?rest_route=%2Fwp%2Fv2%2Ftags&post=46005"}],"curies":[{"name":"wp","href":"https:\/\/api.w.org\/{rel}","templated":true}]}}