{"id":46003,"date":"2026-04-29T11:02:16","date_gmt":"2026-04-29T11:02:16","guid":{"rendered":"https:\/\/www.matizando.com.ar\/?p=46003"},"modified":"2026-04-29T11:03:46","modified_gmt":"2026-04-29T11:03:46","slug":"manuel-adorni-rinde-cuentas-ante-el-congreso-bajo-la-sombra-de-la-investigacion-judicial","status":"publish","type":"post","link":"https:\/\/www.matizando.com.ar\/?p=46003","title":{"rendered":"Manuel Adorni rinde cuentas ante el Congreso bajo la sombra de la investigaci\u00f3n judicial"},"content":{"rendered":"<p data-path-to-node=\"1\"><span class=\"\">El jefe de Gabinete,<\/span> <b class=\"\" data-path-to-node=\"1\" data-index-in-node=\"21\">Manuel Adorni<\/b><span class=\"\">,<\/span><span class=\"\"> encara este mi\u00e9rcoles una jornada clave en la <\/span><b class=\"\" data-path-to-node=\"1\" data-index-in-node=\"82\">C\u00e1mara de Diputados<\/b><span class=\"\">.<\/span><span class=\"\"> A partir de las 10:<\/span><span class=\"\">30,<\/span><span class=\"\"> el funcionario brindar\u00e1 su informe de gesti\u00f3n en un clima de alta tensi\u00f3n pol\u00edtica,<\/span><span class=\"\"> marcado por el respaldo expl\u00edcito de la c\u00fapula del Ejecutivo y el asedio de la oposici\u00f3n respecto a su evoluci\u00f3n patrimonial.<\/span><\/p>\n<p data-path-to-node=\"2\"><span class=\"\">La sesi\u00f3n contar\u00e1 con una presencia institucional inusual:<\/span><span class=\"\"> el presidente <\/span><b class=\"\" data-path-to-node=\"2\" data-index-in-node=\"73\">Javier Milei<\/b><span class=\"\">,<\/span><span class=\"\"> la secretaria general de la Presidencia,<\/span> <b class=\"\" data-path-to-node=\"2\" data-index-in-node=\"128\">Karina Milei<\/b><span class=\"\">,<\/span><span class=\"\"> y la totalidad del Gabinete nacional asistir\u00e1n al recinto para manifestar su apoyo al ministro coordinador.<\/span><\/p>\n<h3 class=\"\" data-path-to-node=\"3\">Ejes de la exposici\u00f3n y din\u00e1mica legislativa<\/h3>\n<p data-path-to-node=\"4\"><span class=\"\">Adorni iniciar\u00e1 su intervenci\u00f3n con un discurso de aproximadamente una hora,<\/span><span class=\"\"> centrado en la <\/span><b class=\"\" data-path-to-node=\"4\" data-index-in-node=\"92\">estabilidad macroecon\u00f3mica<\/b><span class=\"\">,<\/span><span class=\"\"> la reducci\u00f3n de la inflaci\u00f3n y el sostenimiento del super\u00e1vit fiscal.<\/span><span class=\"\"> Tras su exposici\u00f3n,<\/span><span class=\"\"> se abrir\u00e1 el turno de preguntas de los bloques legislativos,<\/span><span class=\"\"> una instancia que se estima durar\u00e1 m\u00e1s de cuatro horas.<\/span><\/p>\n<p data-path-to-node=\"5\"><span class=\"\">De las m\u00e1s de 4.<\/span><span class=\"\">800 consultas presentadas por escrito,<\/span><span class=\"\"> el Ejecutivo respondi\u00f3 formalmente 2.<\/span><span class=\"\">100.<\/span><span class=\"\"> El desglose de los temas refleja las prioridades parlamentarias:<\/span><\/p>\n<ul data-path-to-node=\"6\">\n<li>\n<p data-path-to-node=\"6,0,0\"><b class=\"\" data-path-to-node=\"6,0,0\" data-index-in-node=\"0\">Econom\u00eda y actividad:<\/b><span class=\"\"> 36% (Deuda,<\/span><span class=\"\"> FMI,<\/span><span class=\"\"> reservas y producci\u00f3n).<\/span><\/p>\n<\/li>\n<li>\n<p data-path-to-node=\"6,1,0\"><b class=\"\" data-path-to-node=\"6,1,0\" data-index-in-node=\"0\">Salud y Seguridad:<\/b><span class=\"\"> 28%.<\/span><\/p>\n<\/li>\n<li>\n<p data-path-to-node=\"6,2,0\"><b class=\"\" data-path-to-node=\"6,2,0\" data-index-in-node=\"0\">Energ\u00eda y Pol\u00edticas Sociales:<\/b><span class=\"\"> 25%.<\/span><\/p>\n<\/li>\n<li>\n<p data-path-to-node=\"6,3,0\"><b class=\"\" data-path-to-node=\"6,3,0\" data-index-in-node=\"0\">Situaci\u00f3n Judicial:<\/b><span class=\"\"> 5% (Espec\u00edficamente sobre la causa $LIBRA y el patrimonio del funcionario).<\/span><\/p>\n<\/li>\n<\/ul>\n<h3 class=\"\" data-path-to-node=\"7\">La estrategia de la oposici\u00f3n y el factor patrimonial<\/h3>\n<p data-path-to-node=\"8\"><span class=\"\">Los bloques opositores,<\/span><span class=\"\"> liderados por el peronismo,<\/span><span class=\"\"> buscan evitar incidentes que permitan al oficialismo abandonar el recinto prematuramente.<\/span><span class=\"\"> La intenci\u00f3n es mantener un perfil t\u00e9cnico para exigir precisiones sobre la <\/span><b class=\"\" data-path-to-node=\"8\" data-index-in-node=\"218\">causa por presunto enriquecimiento il\u00edcito<\/b><span class=\"\"> que tramita en la Justicia Federal.<\/span><\/p>\n<p data-path-to-node=\"9\"><span class=\"\">La investigaci\u00f3n,<\/span><span class=\"\"> a cargo del fiscal <\/span><b class=\"\" data-path-to-node=\"9\" data-index-in-node=\"37\">Gerardo Pollicita<\/b><span class=\"\"> y el juez <\/span><b class=\"\" data-path-to-node=\"9\" data-index-in-node=\"65\">Ariel Lijo<\/b><span class=\"\">,<\/span><span class=\"\"> pone el foco en un incremento patrimonial superior al 500% en un periodo fiscal.<\/span><span class=\"\"> Bajo la lupa se encuentran:<\/span><\/p>\n<ol start=\"1\" data-path-to-node=\"10\">\n<li>\n<p data-path-to-node=\"10,0,0\"><span class=\"\">La compra de un departamento en <\/span><b class=\"\" data-path-to-node=\"10,0,0\" data-index-in-node=\"32\">Caballito<\/b><span class=\"\"> y una propiedad en el country <\/span><b class=\"\" data-path-to-node=\"10,0,0\" data-index-in-node=\"72\">Indio Cu\u00e1<\/b><span class=\"\">.<\/span><\/p>\n<\/li>\n<li>\n<p data-path-to-node=\"10,1,0\"><span class=\"\">Hipotecas con particulares cuyas condiciones de trazabilidad est\u00e1n bajo escrutinio.<\/span><\/p>\n<\/li>\n<li>\n<p data-path-to-node=\"10,2,0\"><span class=\"\">Viajes al exterior (Aruba y Punta del Este) y consumos en tarjetas de cr\u00e9dito que,<\/span><span class=\"\"> seg\u00fan la denuncia,<\/span><span class=\"\"> no guardar\u00edan relaci\u00f3n con sus ingresos declarados.<\/span><\/p>\n<\/li>\n<\/ol>\n<p data-path-to-node=\"11\"><span class=\"\">La Justicia ya ha ordenado el levantamiento del secreto fiscal y bancario de Adorni y su c\u00f3nyuge para verificar la consistencia de sus movimientos financieros frente a su salario en la funci\u00f3n p\u00fablica.<\/span><\/p>\n<hr class=\"\" data-path-to-node=\"12\">\n<p data-path-to-node=\"13\"><span class=\"\">Redacci\u00f3n:<\/span> <a class=\"ng-star-inserted\" href=\"https:\/\/www.google.com\/search?q=https:\/\/www.Matizando.com\" target=\"_blank\" rel=\"noopener\" data-hveid=\"0\" data-ved=\"0CAAQ_4QMahcKEwiF87eT85KUAxUAAAAAHQAAAAAQOw\">www.Matizando.com<\/a><span class=\"\">.<\/span><span class=\"\">ar Correo:<\/span><span class=\"\"> prensalarioja@yahoo.<\/span><span class=\"\">com.<\/span><span class=\"\">ar Portales Asociados:<\/span> <a class=\"ng-star-inserted\" href=\"https:\/\/www.aldoportugal.com\/\" target=\"_blank\" rel=\"noopener\" data-hveid=\"0\" data-ved=\"0CAAQ_4QMahcKEwiF87eT85KUAxUAAAAAHQAAAAAQPA\">www.AldoPortugal.com<\/a><span class=\"\">.<\/span><span class=\"\">ar &#8211; <\/span><a class=\"ng-star-inserted\" href=\"https:\/\/www.google.com\/search?q=https:\/\/www.LaRiojaChayera.com\" target=\"_blank\" rel=\"noopener\" data-hveid=\"0\" data-ved=\"0CAAQ_4QMahcKEwiF87eT85KUAxUAAAAAHQAAAAAQPQ\">www.LaRiojaChayera.com<\/a><span class=\"\">.<\/span><span class=\"\">ar<\/span><\/p>\n","protected":false},"excerpt":{"rendered":"<p>El jefe de Gabinete, Manuel Adorni, encara este mi\u00e9rcoles una jornada clave en la C\u00e1mara&#8230;<\/p>\n","protected":false},"author":1,"featured_media":42541,"comment_status":"closed","ping_status":"closed","sticky":true,"template":"","format":"standard","meta":{"ngg_post_thumbnail":0,"footnotes":""},"categories":[5,1,3],"tags":[],"_links":{"self":[{"href":"https:\/\/www.matizando.com.ar\/index.php?rest_route=\/wp\/v2\/posts\/46003"}],"collection":[{"href":"https:\/\/www.matizando.com.ar\/index.php?rest_route=\/wp\/v2\/posts"}],"about":[{"href":"https:\/\/www.matizando.com.ar\/index.php?rest_route=\/wp\/v2\/types\/post"}],"author":[{"embeddable":true,"href":"https:\/\/www.matizando.com.ar\/index.php?rest_route=\/wp\/v2\/users\/1"}],"replies":[{"embeddable":true,"href":"https:\/\/www.matizando.com.ar\/index.php?rest_route=%2Fwp%2Fv2%2Fcomments&post=46003"}],"version-history":[{"count":1,"href":"https:\/\/www.matizando.com.ar\/index.php?rest_route=\/wp\/v2\/posts\/46003\/revisions"}],"predecessor-version":[{"id":46004,"href":"https:\/\/www.matizando.com.ar\/index.php?rest_route=\/wp\/v2\/posts\/46003\/revisions\/46004"}],"wp:featuredmedia":[{"embeddable":true,"href":"https:\/\/www.matizando.com.ar\/index.php?rest_route=\/wp\/v2\/media\/42541"}],"wp:attachment":[{"href":"https:\/\/www.matizando.com.ar\/index.php?rest_route=%2Fwp%2Fv2%2Fmedia&parent=46003"}],"wp:term":[{"taxonomy":"category","embeddable":true,"href":"https:\/\/www.matizando.com.ar\/index.php?rest_route=%2Fwp%2Fv2%2Fcategories&post=46003"},{"taxonomy":"post_tag","embeddable":true,"href":"https:\/\/www.matizando.com.ar\/index.php?rest_route=%2Fwp%2Fv2%2Ftags&post=46003"}],"curies":[{"name":"wp","href":"https:\/\/api.w.org\/{rel}","templated":true}]}}