{"id":45999,"date":"2026-04-29T00:05:47","date_gmt":"2026-04-29T00:05:47","guid":{"rendered":"https:\/\/www.matizando.com.ar\/?p=45999"},"modified":"2026-04-29T00:06:06","modified_gmt":"2026-04-29T00:06:06","slug":"ciencia-la-rioja-se-planta-contra-el-ajuste-en-organismos-nacionales","status":"publish","type":"post","link":"https:\/\/www.matizando.com.ar\/?p=45999","title":{"rendered":"Ciencia: La Rioja se planta contra el ajuste en organismos nacionales"},"content":{"rendered":"<p data-path-to-node=\"3\">Representantes de universidades y centros de investigaci\u00f3n se reunieron en la UNLaR para analizar la crisis en el INTI, INTA y el Servicio Meteorol\u00f3gico. Advierten sobre despidos, desmantelamiento de \u00e1reas estrat\u00e9gicas y la paralizaci\u00f3n de servicios t\u00e9cnicos clave para el sector productivo provincial.<\/p>\n<p data-path-to-node=\"4\">En la sede de la Universidad Nacional de La Rioja se llev\u00f3 adelante una nueva reuni\u00f3n de la Mesa Interinstitucional de Ciencia y Tecnolog\u00eda, un espacio estrat\u00e9gico de articulaci\u00f3n que reuni\u00f3 a representantes del sistema cient\u00edfico-tecnol\u00f3gico provincial, laboratorios, instituciones acad\u00e9micas y organismos de investigaci\u00f3n. El encuentro fue encabezado por el secretario de Ciencia y Tecnolog\u00eda de la provincia, Hugo Vera, junto a la rectora de la UNLaR, Natalia Albarez G\u00f3mez.<\/p>\n<h3 data-path-to-node=\"5\">INTI, INTA y Servicio Meteorol\u00f3gico, en crisis<\/h3>\n<p data-path-to-node=\"6\">Durante la jornada, uno de los principales ejes de an\u00e1lisis fue la situaci\u00f3n cr\u00edtica que atraviesan organismos nacionales estrat\u00e9gicos:<\/p>\n<ul data-path-to-node=\"7\">\n<li>\n<p data-path-to-node=\"7,0,0\">INTI: Trabajadores de la delegaci\u00f3n La Rioja manifestaron su preocupaci\u00f3n ante posibles despidos masivos y el desmantelamiento de \u00e1reas que brindan servicios t\u00e9cnicos al entramado productivo.<\/p>\n<\/li>\n<li>\n<p data-path-to-node=\"7,1,0\">Servicio Meteorol\u00f3gico Nacional: Atraviesa un proceso de recortes de personal y modificaciones en funciones esenciales para la navegaci\u00f3n a\u00e9rea impulsado por el Gobierno nacional.<\/p>\n<\/li>\n<li>\n<p data-path-to-node=\"7,2,0\">INTA: Enfrenta restricciones presupuestarias que afectan la investigaci\u00f3n y la asistencia al sector agroproductivo, sumado a la preocupaci\u00f3n por la posible venta de bienes inmuebles del organismo.<\/p>\n<\/li>\n<\/ul>\n<h3 data-path-to-node=\"8\">Defensa del conocimiento local<\/h3>\n<p data-path-to-node=\"9\">Las autoridades presentes coincidieron en la necesidad de sostener una postura activa en defensa del sistema cient\u00edfico como herramienta de soberan\u00eda. Remarcaron que las pol\u00edticas de ajuste no solo afectan a los trabajadores, sino a la capacidad del pa\u00eds para generar innovaci\u00f3n y valor agregado.<\/p>\n<p data-path-to-node=\"10\">Desde la provincia se\u00f1alaron que la prioridad es fortalecer las capacidades locales con planificaci\u00f3n estrat\u00e9gica, apostando a un modelo de desarrollo sostenible y con identidad propia.<\/p>\n<h3 data-path-to-node=\"11\">Agenda de trabajo conjunta<\/h3>\n<p data-path-to-node=\"12\">La Mesa Interinstitucional acord\u00f3 avanzar en una agenda com\u00fan para reforzar la articulaci\u00f3n entre organismos cient\u00edficos, universidades y sectores productivos. El objetivo es visibilizar el impacto territorial de las instituciones en riesgo y generar propuestas que fortalezcan el ecosistema cient\u00edfico provincial frente al complejo contexto nacional.<\/p>\n<hr data-path-to-node=\"13\">\n<p data-path-to-node=\"14\">Redacci\u00f3n: <a class=\"ng-star-inserted\" href=\"https:\/\/www.google.com\/search?q=https:\/\/www.Matizando.com.ar\" target=\"_blank\" rel=\"noopener\" data-hveid=\"0\" data-ved=\"0CAAQ_4QMahgKEwjwqbf33ZGUAxUAAAAAHQAAAAAQmQE\">www.Matizando.com.ar<\/a><\/p>\n<p data-path-to-node=\"15\">Correo: prensalarioja@yahoo.com.ar<\/p>\n<p data-path-to-node=\"16\">Portales Asociados: <a class=\"ng-star-inserted\" href=\"https:\/\/www.AldoPortugal.com.ar\" target=\"_blank\" rel=\"noopener\" data-hveid=\"0\" data-ved=\"0CAAQ_4QMahgKEwjwqbf33ZGUAxUAAAAAHQAAAAAQmgE\">www.AldoPortugal.com.ar<\/a> \u2013 <a class=\"ng-star-inserted\" href=\"https:\/\/www.google.com\/search?q=https:\/\/www.LaRiojaChayera.com.ar\" target=\"_blank\" rel=\"noopener\" data-hveid=\"0\" data-ved=\"0CAAQ_4QMahgKEwjwqbf33ZGUAxUAAAAAHQAAAAAQmwE\">www.LaRiojaChayera.com.ar<\/a><\/p>\n<p data-path-to-node=\"17\">YouTube: Aldo Portugal<\/p>\n","protected":false},"excerpt":{"rendered":"<p>Representantes de universidades y centros de investigaci\u00f3n se reunieron en la UNLaR para analizar la&#8230;<\/p>\n","protected":false},"author":1,"featured_media":46000,"comment_status":"closed","ping_status":"closed","sticky":true,"template":"","format":"standard","meta":{"ngg_post_thumbnail":0,"footnotes":""},"categories":[1,3],"tags":[],"_links":{"self":[{"href":"https:\/\/www.matizando.com.ar\/index.php?rest_route=\/wp\/v2\/posts\/45999"}],"collection":[{"href":"https:\/\/www.matizando.com.ar\/index.php?rest_route=\/wp\/v2\/posts"}],"about":[{"href":"https:\/\/www.matizando.com.ar\/index.php?rest_route=\/wp\/v2\/types\/post"}],"author":[{"embeddable":true,"href":"https:\/\/www.matizando.com.ar\/index.php?rest_route=\/wp\/v2\/users\/1"}],"replies":[{"embeddable":true,"href":"https:\/\/www.matizando.com.ar\/index.php?rest_route=%2Fwp%2Fv2%2Fcomments&post=45999"}],"version-history":[{"count":1,"href":"https:\/\/www.matizando.com.ar\/index.php?rest_route=\/wp\/v2\/posts\/45999\/revisions"}],"predecessor-version":[{"id":46001,"href":"https:\/\/www.matizando.com.ar\/index.php?rest_route=\/wp\/v2\/posts\/45999\/revisions\/46001"}],"wp:featuredmedia":[{"embeddable":true,"href":"https:\/\/www.matizando.com.ar\/index.php?rest_route=\/wp\/v2\/media\/46000"}],"wp:attachment":[{"href":"https:\/\/www.matizando.com.ar\/index.php?rest_route=%2Fwp%2Fv2%2Fmedia&parent=45999"}],"wp:term":[{"taxonomy":"category","embeddable":true,"href":"https:\/\/www.matizando.com.ar\/index.php?rest_route=%2Fwp%2Fv2%2Fcategories&post=45999"},{"taxonomy":"post_tag","embeddable":true,"href":"https:\/\/www.matizando.com.ar\/index.php?rest_route=%2Fwp%2Fv2%2Ftags&post=45999"}],"curies":[{"name":"wp","href":"https:\/\/api.w.org\/{rel}","templated":true}]}}