{"id":45996,"date":"2026-04-29T00:01:20","date_gmt":"2026-04-29T00:01:20","guid":{"rendered":"https:\/\/www.matizando.com.ar\/?p=45996"},"modified":"2026-04-29T00:01:28","modified_gmt":"2026-04-29T00:01:28","slug":"mineria-la-rioja-firmo-convenio-con-la-empresa-china-hainan-trailblazer","status":"publish","type":"post","link":"https:\/\/www.matizando.com.ar\/?p=45996","title":{"rendered":"Miner\u00eda: La Rioja firm\u00f3 convenio con la empresa china Hainan Trailblazer"},"content":{"rendered":"<p data-path-to-node=\"3\">El gobernador Ricardo Quintela recibi\u00f3 a la delegaci\u00f3n asi\u00e1tica para consolidar proyectos de inversi\u00f3n. Tras recorrer el departamento Rosario Vera Pe\u00f1aloza, la firma estatal EMSE y la compa\u00f1\u00eda china sellaron un acuerdo para avanzar en el desarrollo productivo y el an\u00e1lisis de muestras minerales en el territorio.<\/p>\n<p data-path-to-node=\"4\">El gobernador de La Rioja, Ricardo Quintela, recibi\u00f3 este lunes a representantes de la empresa china Hainan Trailblazer New Materials Technology, en el marco de una visita oficial orientada a fortalecer v\u00ednculos e impulsar proyectos de inversi\u00f3n minera en la Provincia.<\/p>\n<p data-path-to-node=\"5\">La llegada de la delegaci\u00f3n se inscribe en la continuidad de las gestiones iniciadas el a\u00f1o pasado, cuando una comitiva riojana encabezada por el mandatario provincial realiz\u00f3 una misi\u00f3n oficial a China para promover inversiones y establecer acuerdos de cooperaci\u00f3n en sectores estrat\u00e9gicos.<\/p>\n<h3 data-path-to-node=\"6\">Avances t\u00e9cnicos y trabajo en territorio<\/h3>\n<p data-path-to-node=\"7\">De acuerdo con la informaci\u00f3n brindada por la secretaria de Miner\u00eda, Ivanna Guardia, la agenda incluy\u00f3 una recorrida por el departamento Rosario Vera Pe\u00f1aloza, donde los t\u00e9cnicos pudieron conocer el territorio, evaluar su potencial productivo y tomar muestras que ya fueron enviadas a China para su an\u00e1lisis.<\/p>\n<p data-path-to-node=\"8\">Como resultado de este trabajo, se concret\u00f3 la firma de un convenio entre la empresa asi\u00e1tica y la firma estatal Energ\u00eda y Minerales Sociedad del Estado (EMSE), con el objetivo de avanzar de manera conjunta en el desarrollo de distintos proyectos mineros en La Rioja.<\/p>\n<h3 data-path-to-node=\"9\">Estrategia provincial<\/h3>\n<p data-path-to-node=\"10\">En ese marco, Ivanna Guardia explic\u00f3 que, una vez obtenidos los resultados de laboratorio, se continuar\u00e1 con las etapas t\u00e9cnicas previstas, lo que permitir\u00e1 definir el alcance de las inversiones y las acciones a implementar en el territorio. La visita se enmarca en una estrategia provincial orientada a promover el desarrollo productivo, atraer inversiones y fortalecer la articulaci\u00f3n internacional en sectores clave como la miner\u00eda.<\/p>\n<p data-path-to-node=\"11\">Del encuentro participaron tambi\u00e9n la diputada nacional Gabriela Pedrali; el jefe de Gabinete, Juan Luna Corzo; el secretario general de la Gobernaci\u00f3n, Ricardo Herrera; y el ministro de Trabajo, Empleo, Industria y Miner\u00eda, Federico Baz\u00e1n.<\/p>\n<hr data-path-to-node=\"12\">\n<p data-path-to-node=\"13\">Redacci\u00f3n: <a class=\"ng-star-inserted\" href=\"https:\/\/www.google.com\/search?q=https:\/\/www.Matizando.com.ar\" target=\"_blank\" rel=\"noopener\" data-hveid=\"0\" data-ved=\"0CAAQ_4QMahgKEwjwqbf33ZGUAxUAAAAAHQAAAAAQggE\">www.Matizando.com.ar<\/a><\/p>\n<p data-path-to-node=\"14\">Correo: prensalarioja@yahoo.com.ar<\/p>\n<p data-path-to-node=\"15\">Portales Asociados: <a class=\"ng-star-inserted\" href=\"https:\/\/www.AldoPortugal.com.ar\" target=\"_blank\" rel=\"noopener\" data-hveid=\"0\" data-ved=\"0CAAQ_4QMahgKEwjwqbf33ZGUAxUAAAAAHQAAAAAQgwE\">www.AldoPortugal.com.ar<\/a> \u2013 <a class=\"ng-star-inserted\" href=\"https:\/\/www.google.com\/search?q=https:\/\/www.LaRiojaChayera.com.ar\" target=\"_blank\" rel=\"noopener\" data-hveid=\"0\" data-ved=\"0CAAQ_4QMahgKEwjwqbf33ZGUAxUAAAAAHQAAAAAQhAE\">www.LaRiojaChayera.com.ar<\/a><\/p>\n<p data-path-to-node=\"16\">YouTube: Aldo Portugal<\/p>\n","protected":false},"excerpt":{"rendered":"<p>El gobernador Ricardo Quintela recibi\u00f3 a la delegaci\u00f3n asi\u00e1tica para consolidar proyectos de inversi\u00f3n. Tras&#8230;<\/p>\n","protected":false},"author":1,"featured_media":45997,"comment_status":"closed","ping_status":"closed","sticky":true,"template":"","format":"standard","meta":{"ngg_post_thumbnail":0,"footnotes":""},"categories":[1,3],"tags":[],"_links":{"self":[{"href":"https:\/\/www.matizando.com.ar\/index.php?rest_route=\/wp\/v2\/posts\/45996"}],"collection":[{"href":"https:\/\/www.matizando.com.ar\/index.php?rest_route=\/wp\/v2\/posts"}],"about":[{"href":"https:\/\/www.matizando.com.ar\/index.php?rest_route=\/wp\/v2\/types\/post"}],"author":[{"embeddable":true,"href":"https:\/\/www.matizando.com.ar\/index.php?rest_route=\/wp\/v2\/users\/1"}],"replies":[{"embeddable":true,"href":"https:\/\/www.matizando.com.ar\/index.php?rest_route=%2Fwp%2Fv2%2Fcomments&post=45996"}],"version-history":[{"count":1,"href":"https:\/\/www.matizando.com.ar\/index.php?rest_route=\/wp\/v2\/posts\/45996\/revisions"}],"predecessor-version":[{"id":45998,"href":"https:\/\/www.matizando.com.ar\/index.php?rest_route=\/wp\/v2\/posts\/45996\/revisions\/45998"}],"wp:featuredmedia":[{"embeddable":true,"href":"https:\/\/www.matizando.com.ar\/index.php?rest_route=\/wp\/v2\/media\/45997"}],"wp:attachment":[{"href":"https:\/\/www.matizando.com.ar\/index.php?rest_route=%2Fwp%2Fv2%2Fmedia&parent=45996"}],"wp:term":[{"taxonomy":"category","embeddable":true,"href":"https:\/\/www.matizando.com.ar\/index.php?rest_route=%2Fwp%2Fv2%2Fcategories&post=45996"},{"taxonomy":"post_tag","embeddable":true,"href":"https:\/\/www.matizando.com.ar\/index.php?rest_route=%2Fwp%2Fv2%2Ftags&post=45996"}],"curies":[{"name":"wp","href":"https:\/\/api.w.org\/{rel}","templated":true}]}}