{"id":45993,"date":"2026-04-28T23:52:52","date_gmt":"2026-04-28T23:52:52","guid":{"rendered":"https:\/\/www.matizando.com.ar\/?p=45993"},"modified":"2026-04-28T23:53:16","modified_gmt":"2026-04-28T23:53:16","slug":"herrera-hablar-de-candidaturas-hoy-es-una-irresponsabilidad","status":"publish","type":"post","link":"https:\/\/www.matizando.com.ar\/?p=45993","title":{"rendered":"Herrera: \u00abHablar de candidaturas hoy es una irresponsabilidad\u00bb"},"content":{"rendered":"<p data-path-to-node=\"3\">El secretario general de la Gobernaci\u00f3n cuestion\u00f3 que se instalen debates electorales mientras la poblaci\u00f3n atraviesa graves dificultades econ\u00f3micas. Adem\u00e1s, manifest\u00f3 su preocupaci\u00f3n por la falta de respuestas del Gobierno nacional ante el pedido de adelanto de coparticipaci\u00f3n para la provincia.<\/p>\n<p data-path-to-node=\"4\">El secretario general de la Gobernaci\u00f3n, Ricardo Herrera, se refiri\u00f3 al complejo escenario econ\u00f3mico y social que atraviesa el pa\u00eds y cuestion\u00f3 el adelantamiento de discusiones electorales en un contexto marcado por las dificultades cotidianas de la poblaci\u00f3n. Al ser consultado sobre el clima pol\u00edtico y las especulaciones de cara al 2027, el funcionario fue contundente: \u201cHoy la gente la est\u00e1 pasando muy mal; realmente no llega a fin de mes y no tiene para comer\u201d.<\/p>\n<p data-path-to-node=\"5\">En ese sentido, Herrera calific\u00f3 como un \u201cdesprop\u00f3sito\u201d y \u201cuna irresponsabilidad\u201d que algunos sectores comiencen a instalar candidaturas o debates vinculados a modificaciones electorales. \u201cSer\u00edamos irresponsables desde el Gobierno si nos pusi\u00e9ramos a plantear este tipo de discusiones, y mucho m\u00e1s cualquier trasnochado que pretenda hablar de una candidatura a t\u00edtulo personal. Este es un momento donde todos tenemos que estar juntos trabajando por la gente\u201d, sostuvo.<\/p>\n<h3 data-path-to-node=\"6\">Preocupaci\u00f3n por los fondos nacionales<\/h3>\n<p data-path-to-node=\"7\">En otro tramo de sus declaraciones, el funcionario manifest\u00f3 preocupaci\u00f3n por la situaci\u00f3n financiera de la provincia y la demora del Gobierno nacional en efectivizar el adelanto de coparticipaci\u00f3n solicitado por La Rioja.<\/p>\n<p data-path-to-node=\"8\">\u201cEstamos muy preocupados porque dijeron que iban a avanzar en el tema del adelanto de coparticipaci\u00f3n y hasta el momento no ha pasado nada. Veremos esta semana si tenemos alguna novedad\u201d, expres\u00f3 en relaci\u00f3n a la falta de respuestas de la administraci\u00f3n central.<\/p>\n<p data-path-to-node=\"9\">De esta manera, Herrera volvi\u00f3 a plantear la necesidad de priorizar la gesti\u00f3n y el acompa\u00f1amiento a los sectores m\u00e1s afectados por la crisis, en un escenario econ\u00f3mico que contin\u00faa generando incertidumbre en las provincias.<\/p>\n<hr data-path-to-node=\"10\">\n<p data-path-to-node=\"11\">Redacci\u00f3n: <a class=\"ng-star-inserted\" href=\"https:\/\/www.google.com\/search?q=https:\/\/www.Matizando.com\" target=\"_blank\" rel=\"noopener\" data-hveid=\"0\" data-ved=\"0CAAQ_4QMahcKEwjwqbf33ZGUAxUAAAAAHQAAAAAQaw\">www.Matizando.com<\/a>.ar<\/p>\n<p data-path-to-node=\"12\">Correo: prensalarioja@yahoo.com.ar<\/p>\n<p data-path-to-node=\"13\">Portales Asociados: <a class=\"ng-star-inserted\" target=\"_blank\" rel=\"noopener\" data-hveid=\"0\" data-ved=\"0CAAQ_4QMahcKEwjwqbf33ZGUAxUAAAAAHQAAAAAQbA\">www.AldoPortugal.com<\/a>.ar \u2013 <a class=\"ng-star-inserted\" target=\"_blank\" rel=\"noopener\" data-hveid=\"0\" data-ved=\"0CAAQ_4QMahcKEwjwqbf33ZGUAxUAAAAAHQAAAAAQbQ\">www.LaRiojaChayera.com<\/a>.ar<\/p>\n<p data-path-to-node=\"14\">YouTube: Aldo Portugal<\/p>\n","protected":false},"excerpt":{"rendered":"<p>El secretario general de la Gobernaci\u00f3n cuestion\u00f3 que se instalen debates electorales mientras la poblaci\u00f3n&#8230;<\/p>\n","protected":false},"author":1,"featured_media":45994,"comment_status":"closed","ping_status":"closed","sticky":true,"template":"","format":"standard","meta":{"ngg_post_thumbnail":0,"footnotes":""},"categories":[1,3],"tags":[],"_links":{"self":[{"href":"https:\/\/www.matizando.com.ar\/index.php?rest_route=\/wp\/v2\/posts\/45993"}],"collection":[{"href":"https:\/\/www.matizando.com.ar\/index.php?rest_route=\/wp\/v2\/posts"}],"about":[{"href":"https:\/\/www.matizando.com.ar\/index.php?rest_route=\/wp\/v2\/types\/post"}],"author":[{"embeddable":true,"href":"https:\/\/www.matizando.com.ar\/index.php?rest_route=\/wp\/v2\/users\/1"}],"replies":[{"embeddable":true,"href":"https:\/\/www.matizando.com.ar\/index.php?rest_route=%2Fwp%2Fv2%2Fcomments&post=45993"}],"version-history":[{"count":1,"href":"https:\/\/www.matizando.com.ar\/index.php?rest_route=\/wp\/v2\/posts\/45993\/revisions"}],"predecessor-version":[{"id":45995,"href":"https:\/\/www.matizando.com.ar\/index.php?rest_route=\/wp\/v2\/posts\/45993\/revisions\/45995"}],"wp:featuredmedia":[{"embeddable":true,"href":"https:\/\/www.matizando.com.ar\/index.php?rest_route=\/wp\/v2\/media\/45994"}],"wp:attachment":[{"href":"https:\/\/www.matizando.com.ar\/index.php?rest_route=%2Fwp%2Fv2%2Fmedia&parent=45993"}],"wp:term":[{"taxonomy":"category","embeddable":true,"href":"https:\/\/www.matizando.com.ar\/index.php?rest_route=%2Fwp%2Fv2%2Fcategories&post=45993"},{"taxonomy":"post_tag","embeddable":true,"href":"https:\/\/www.matizando.com.ar\/index.php?rest_route=%2Fwp%2Fv2%2Ftags&post=45993"}],"curies":[{"name":"wp","href":"https:\/\/api.w.org\/{rel}","templated":true}]}}