{"id":45980,"date":"2026-04-28T11:18:20","date_gmt":"2026-04-28T11:18:20","guid":{"rendered":"https:\/\/www.matizando.com.ar\/?p=45980"},"modified":"2026-04-28T11:21:17","modified_gmt":"2026-04-28T11:21:17","slug":"asociacion-bancaria","status":"publish","type":"post","link":"https:\/\/www.matizando.com.ar\/?p=45980","title":{"rendered":"Asociaci\u00f3n Bancaria"},"content":{"rendered":"<p data-start=\"72\" data-end=\"387\">La <span class=\"hover:entity-accent entity-underline inline cursor-pointer align-baseline\"><span class=\"whitespace-normal\">Asociaci\u00f3n Bancaria<\/span><\/span> llev\u00f3 adelante un paro nacional de 24 horas en los 21 tesoros regionales del <span class=\"hover:entity-accent entity-underline inline cursor-pointer align-baseline\"><span class=\"whitespace-normal\">Banco Central de la Rep\u00fablica Argentina<\/span><\/span>, en rechazo a la decisi\u00f3n oficial de avanzar con el cierre de dependencias y ante la posible p\u00e9rdida de 32 puestos de trabajo en distintas provincias del pa\u00eds.<\/p>\n<p data-start=\"389\" data-end=\"697\">Seg\u00fan inform\u00f3 el gremio, la medida responde a una resoluci\u00f3n del BCRA que contempla el cierre de 12 de las 21 tesorer\u00edas regionales actualmente operativas. Desde el sindicato advirtieron que la iniciativa no solo impactar\u00eda en el empleo directo, sino tambi\u00e9n en el funcionamiento de las econom\u00edas regionales.<\/p>\n<p data-start=\"699\" data-end=\"976\">En el comunicado difundido por la organizaci\u00f3n, se cuestion\u00f3 con dureza la decisi\u00f3n al considerar que \u201crompe el equilibrio federal\u201d, debilita las econom\u00edas locales y desconoce el rol estrat\u00e9gico que cumplen las tesorer\u00edas regionales en distintos puntos del territorio nacional.<\/p>\n<p data-start=\"978\" data-end=\"1208\">La conducci\u00f3n nacional del gremio expres\u00f3 adem\u00e1s su respaldo a los trabajadores afectados y exigi\u00f3 garant\u00edas de continuidad laboral en condiciones razonables para todos los empleados involucrados en el proceso de reestructuraci\u00f3n.<\/p>\n<p data-start=\"1210\" data-end=\"1476\">Asimismo, la entidad anticip\u00f3 que, de no obtener respuestas favorables en la audiencia prevista para el 29 de abril en la Secretar\u00eda de Trabajo, profundizar\u00e1 el plan de lucha en defensa del empleo, del sistema financiero y de la presencia del Estado en todo el pa\u00eds.<\/p>\n<p data-start=\"1478\" data-end=\"1687\">El documento lleva la firma del secretariado general nacional encabezado por <span class=\"hover:entity-accent entity-underline inline cursor-pointer align-baseline\"><span class=\"whitespace-normal\">Sergio Palazzo<\/span><\/span>, quien ratific\u00f3 la postura gremial frente a las medidas impulsadas por la autoridad monetaria.<\/p>\n<p data-start=\"1689\" data-end=\"1835\" data-is-last-node=\"\" data-is-only-node=\"\"><strong data-start=\"1689\" data-end=\"1835\" data-is-last-node=\"\">Redacci\u00f3n: <a class=\"decorated-link cursor-pointer\" target=\"_new\" rel=\"noopener\" data-start=\"1702\" data-end=\"1722\">www.matizando.com.ar<\/a> &#8211; Correo: <a class=\"decorated-link cursor-pointer\" rel=\"noopener\" data-start=\"1733\" data-end=\"1759\">prensalarioja@yahoo.com.ar<\/a> &#8211; Portales Asociados: <a class=\"decorated-link cursor-pointer\" target=\"_new\" rel=\"noopener\" data-start=\"1782\" data-end=\"1805\">www.AldoPortugal.com.ar<\/a> &#8211; <a class=\"decorated-link cursor-pointer\" target=\"_new\" rel=\"noopener\" data-start=\"1808\" data-end=\"1833\">www.LaRiojaChayera.com.ar<\/a><\/strong><\/p>\n","protected":false},"excerpt":{"rendered":"<p>La Asociaci\u00f3n Bancaria llev\u00f3 adelante un paro nacional de 24 horas en los 21 tesoros&#8230;<\/p>\n","protected":false},"author":1,"featured_media":45981,"comment_status":"closed","ping_status":"closed","sticky":true,"template":"","format":"standard","meta":{"ngg_post_thumbnail":0,"footnotes":""},"categories":[5,1,3],"tags":[],"_links":{"self":[{"href":"https:\/\/www.matizando.com.ar\/index.php?rest_route=\/wp\/v2\/posts\/45980"}],"collection":[{"href":"https:\/\/www.matizando.com.ar\/index.php?rest_route=\/wp\/v2\/posts"}],"about":[{"href":"https:\/\/www.matizando.com.ar\/index.php?rest_route=\/wp\/v2\/types\/post"}],"author":[{"embeddable":true,"href":"https:\/\/www.matizando.com.ar\/index.php?rest_route=\/wp\/v2\/users\/1"}],"replies":[{"embeddable":true,"href":"https:\/\/www.matizando.com.ar\/index.php?rest_route=%2Fwp%2Fv2%2Fcomments&post=45980"}],"version-history":[{"count":1,"href":"https:\/\/www.matizando.com.ar\/index.php?rest_route=\/wp\/v2\/posts\/45980\/revisions"}],"predecessor-version":[{"id":45982,"href":"https:\/\/www.matizando.com.ar\/index.php?rest_route=\/wp\/v2\/posts\/45980\/revisions\/45982"}],"wp:featuredmedia":[{"embeddable":true,"href":"https:\/\/www.matizando.com.ar\/index.php?rest_route=\/wp\/v2\/media\/45981"}],"wp:attachment":[{"href":"https:\/\/www.matizando.com.ar\/index.php?rest_route=%2Fwp%2Fv2%2Fmedia&parent=45980"}],"wp:term":[{"taxonomy":"category","embeddable":true,"href":"https:\/\/www.matizando.com.ar\/index.php?rest_route=%2Fwp%2Fv2%2Fcategories&post=45980"},{"taxonomy":"post_tag","embeddable":true,"href":"https:\/\/www.matizando.com.ar\/index.php?rest_route=%2Fwp%2Fv2%2Ftags&post=45980"}],"curies":[{"name":"wp","href":"https:\/\/api.w.org\/{rel}","templated":true}]}}