{"id":45971,"date":"2026-04-28T10:59:46","date_gmt":"2026-04-28T10:59:46","guid":{"rendered":"https:\/\/www.matizando.com.ar\/?p=45971"},"modified":"2026-04-28T12:19:49","modified_gmt":"2026-04-28T12:19:49","slug":"chilecito-el-cristo-del-portezuelo-celebro-15-anos","status":"publish","type":"post","link":"https:\/\/www.matizando.com.ar\/?p=45971","title":{"rendered":"Chilecito: el Cristo del Portezuelo celebr\u00f3 15 a\u00f1os"},"content":{"rendered":"<p data-start=\"57\" data-end=\"324\">El emblem\u00e1tico Cristo del Portezuelo volvi\u00f3 a convertirse en escenario de encuentro y celebraci\u00f3n al conmemorarse su 15\u00b0 aniversario, reafirmando su valor como s\u00edmbolo de identidad cultural, fe y pertenencia para la comunidad de <span class=\"hover:entity-accent entity-underline inline cursor-pointer align-baseline\"><span class=\"whitespace-normal\">Chilecito<\/span><\/span>.<\/p>\n<p data-start=\"326\" data-end=\"579\">En representaci\u00f3n del Gobierno provincial, el secretario general de la Gobernaci\u00f3n, <span class=\"hover:entity-accent entity-underline inline cursor-pointer align-baseline\"><span class=\"whitespace-normal\">Ricardo Herrera<\/span><\/span>, destac\u00f3 la importancia de preservar y fortalecer este espacio, considerado uno de los sitios m\u00e1s representativos del departamento.<\/p>\n<p data-start=\"581\" data-end=\"926\">Durante la jornada participaron familias, j\u00f3venes, emprendedores y artistas locales, en un marco festivo que puso en valor la integraci\u00f3n comunitaria. En ese contexto, Herrera defini\u00f3 al Cristo del Portezuelo como \u201cun punto de encuentro y de identidad\u201d, remarcando la necesidad de seguir impulsando actividades culturales y sociales en el lugar.<\/p>\n<p data-start=\"928\" data-end=\"1195\">Asimismo, inform\u00f3 que se avanza en tareas de acondicionamiento integral que contemplan nueva luminaria, trabajos de pintura y la restauraci\u00f3n de la obra junto al artista original, con el objetivo de seguir jerarquizando uno de los principales atractivos de la ciudad.<\/p>\n<p data-start=\"1197\" data-end=\"1496\">\u201cTraigo el mensaje del gobernador <span class=\"hover:entity-accent entity-underline inline cursor-pointer align-baseline\"><span class=\"whitespace-normal\">Ricardo Quintela<\/span><\/span> de apoyo total para que los j\u00f3venes talentos de nuestra ciudad sigan creciendo\u201d, expres\u00f3 el funcionario, al tiempo que sostuvo que, frente a los desaf\u00edos actuales, el camino es el trabajo articulado entre Municipio y Provincia.<\/p>\n<p data-start=\"1498\" data-end=\"1644\" data-is-last-node=\"\" data-is-only-node=\"\"><strong data-start=\"1498\" data-end=\"1644\" data-is-last-node=\"\">Redacci\u00f3n: <a class=\"decorated-link cursor-pointer\" target=\"_new\" rel=\"noopener\" data-start=\"1511\" data-end=\"1531\">www.matizando.com.ar<\/a> &#8211; Correo: <a class=\"decorated-link cursor-pointer\" rel=\"noopener\" data-start=\"1542\" data-end=\"1568\">prensalarioja@yahoo.com.ar<\/a> &#8211; Portales Asociados: <a class=\"decorated-link cursor-pointer\" target=\"_new\" rel=\"noopener\" data-start=\"1591\" data-end=\"1614\">www.AldoPortugal.com.ar<\/a> &#8211; <a class=\"decorated-link cursor-pointer\" target=\"_new\" rel=\"noopener\" data-start=\"1617\" data-end=\"1642\">www.LaRiojaChayera.com.ar&nbsp;<\/a><\/strong><\/p>\n","protected":false},"excerpt":{"rendered":"<p>El emblem\u00e1tico Cristo del Portezuelo volvi\u00f3 a convertirse en escenario de encuentro y celebraci\u00f3n al&#8230;<\/p>\n","protected":false},"author":1,"featured_media":45986,"comment_status":"closed","ping_status":"closed","sticky":true,"template":"","format":"standard","meta":{"ngg_post_thumbnail":0,"footnotes":""},"categories":[5,1,3],"tags":[],"_links":{"self":[{"href":"https:\/\/www.matizando.com.ar\/index.php?rest_route=\/wp\/v2\/posts\/45971"}],"collection":[{"href":"https:\/\/www.matizando.com.ar\/index.php?rest_route=\/wp\/v2\/posts"}],"about":[{"href":"https:\/\/www.matizando.com.ar\/index.php?rest_route=\/wp\/v2\/types\/post"}],"author":[{"embeddable":true,"href":"https:\/\/www.matizando.com.ar\/index.php?rest_route=\/wp\/v2\/users\/1"}],"replies":[{"embeddable":true,"href":"https:\/\/www.matizando.com.ar\/index.php?rest_route=%2Fwp%2Fv2%2Fcomments&post=45971"}],"version-history":[{"count":1,"href":"https:\/\/www.matizando.com.ar\/index.php?rest_route=\/wp\/v2\/posts\/45971\/revisions"}],"predecessor-version":[{"id":45973,"href":"https:\/\/www.matizando.com.ar\/index.php?rest_route=\/wp\/v2\/posts\/45971\/revisions\/45973"}],"wp:featuredmedia":[{"embeddable":true,"href":"https:\/\/www.matizando.com.ar\/index.php?rest_route=\/wp\/v2\/media\/45986"}],"wp:attachment":[{"href":"https:\/\/www.matizando.com.ar\/index.php?rest_route=%2Fwp%2Fv2%2Fmedia&parent=45971"}],"wp:term":[{"taxonomy":"category","embeddable":true,"href":"https:\/\/www.matizando.com.ar\/index.php?rest_route=%2Fwp%2Fv2%2Fcategories&post=45971"},{"taxonomy":"post_tag","embeddable":true,"href":"https:\/\/www.matizando.com.ar\/index.php?rest_route=%2Fwp%2Fv2%2Ftags&post=45971"}],"curies":[{"name":"wp","href":"https:\/\/api.w.org\/{rel}","templated":true}]}}