{"id":45956,"date":"2026-04-27T16:13:17","date_gmt":"2026-04-27T16:13:17","guid":{"rendered":"https:\/\/www.matizando.com.ar\/?p=45956"},"modified":"2026-04-27T16:21:59","modified_gmt":"2026-04-27T16:21:59","slug":"monica-diaz-dalvano-legado-y-vision-politica-de-ricardo-quintela-en-la-rioja","status":"publish","type":"post","link":"https:\/\/www.matizando.com.ar\/?p=45956","title":{"rendered":"Monica Diaz Dalvano: Legado y Visi\u00f3n Pol\u00edtica de Ricardo Quintela"},"content":{"rendered":"<div class=\"paragraph is-rich-chat-ui normal ng-star-inserted\" data-start-index=\"3941\">\n<p>Ricardo Quintela: El camino de un l\u00edder que transform\u00f3 La Rioja y hoy proyecta su visi\u00f3n nacional<\/p>\n<p>Por la Redacci\u00f3n de Matizando<\/p>\n<p>En una entrevista cargada de recuerdos y definiciones pol\u00edticas, M\u00f3nica D\u00edaz Dalvano, actual viceintendenta de la Capital riojana, realiz\u00f3 un balance de los 23 a\u00f1os de gesti\u00f3n y militancia junto a Ricardo Quintela. Con la perspectiva de quien fue su secretaria tanto en la intendencia como en la gobernaci\u00f3n, D\u00edaz Dalvano analiz\u00f3 el legado de un dirigente al que define como un \u00abtransformador\u00bb que siempre ha sabido gobernar en contextos de adversidad..<\/p>\n<p>La gesti\u00f3n municipal: Autonom\u00eda y transformaci\u00f3n urbana<\/p>\n<p>D\u00edaz Dalvano record\u00f3 los inicios de Quintela en la intendencia, destacando su lucha solitaria por una ley de coparticipaci\u00f3n, un reclamo que sostuvo durante 12 a\u00f1os para dotar de recursos a la capital<\/p>\n<p>. En aquel entonces, ante la falta de actualizaci\u00f3n salarial por parte de la provincia, Quintela tom\u00f3 decisiones calificadas como \u00abriesgosas\u00bb pero necesarias, siendo el primer intendente en otorgar aumentos salariales municipales de manera aut\u00f3noma y regularizar la situaci\u00f3n de los trabajadores conocidos como \u00abprocalas\u00bb<\/p>\n<p>La transformaci\u00f3n no fue solo administrativa, sino tambi\u00e9n f\u00edsica. La viceintendenta destac\u00f3 hitos de infraestructura que cambiaron la fisonom\u00eda de la ciudad:<\/p>\n<p>El asfalto de avenidas clave como San Francisco y Ram\u00edrez de Velasco<\/p>\n<p>La descentralizaci\u00f3n administrativa a trav\u00e9s de los CEPARES<\/p>\n<p>La puesta en valor de espacios p\u00fablicos como la Plaza 25 de Mayo, el Parque Sarmiento (hoy Plaza Facundo Quiroga) y la Vieja Estaci\u00f3n<\/p>\n<p>Una fuerte inversi\u00f3n en cultura y deporte, ejemplificada en el polideportivo municipal<\/p>\n<p>Un precursor en la equidad y el compromiso humano<\/p>\n<p>Uno de los puntos m\u00e1s destacados por D\u00edaz Dalvano fue la visi\u00f3n de Quintela respecto al rol de la mujer en la pol\u00edtica. Seg\u00fan la funcionaria, el actual gobernador fue un precursor en integrar mujeres a su gabinete mucho antes de que se instalara el debate sobre el cupo femenino.<\/p>\n<p>M\u00e1s all\u00e1 de las estructuras, D\u00edaz Dalvano enfatiz\u00f3 la faceta humana del mandatario: \u00ab\u00c9l siempre me dec\u00eda de abrazar a todos&#8230; tiene un solo objetivo: transformar la vida de los riojanos\u00bb<\/p>\n<p>. Esta sensibilidad se tradujo, seg\u00fan su testimonio, en una gesti\u00f3n de \u00abmano extendida\u00bb para atender las demandas de la dirigencia y la gente.<\/p>\n<p>Desaf\u00edos actuales: Pandemia y el escenario nacional<\/p>\n<p>La trayectoria de Quintela no ha estado exenta de crisis. D\u00edaz Dalvano record\u00f3 su capacidad para gestionar la pandemia y postpandemia, equipando centros de salud y hospitales en un momento cr\u00edtico<\/p>\n<p>. Bajo el lema de su gesti\u00f3n de \u00abPan, Techo y Trabajo\u00bb, se prioriz\u00f3 la estabilidad laboral y el apoyo a sectores no formales, implementando medidas que luego fueron replicadas a nivel nacional.<\/p>\n<p>Hoy, el panorama presenta una \u00abnueva pandemia\u00bb de car\u00e1cter pol\u00edtico y econ\u00f3mico. La viceintendenta denunci\u00f3 que, bajo la actual administraci\u00f3n nacional, las pol\u00edticas p\u00fablicas han \u00abdejado de existir\u00bb, afectando directamente los recursos provinciales y la obra p\u00fablica.<\/p>\n<p>\u00bfRumbo a la presidencia?<\/p>\n<p>Hacia el final de la charla, D\u00edaz Dalvano no dud\u00f3 en respaldar una posible aspiraci\u00f3n presidencial de Quintela. Al ser consultada sobre si el gobernador est\u00e1 listo para el m\u00e1ximo cargo nacional, afirm\u00f3 que posee \u00abtodas las capacidades\u00bb y un profundo \u00abamor por la gente\u00bb.<\/p>\n<p>&nbsp;Seg\u00fan la funcionaria, los logros obtenidos en materia laboral y habitacional en La Rioja son la carta de presentaci\u00f3n de un dirigente que, tras transformar una ciudad y una provincia, se siente preparado para proyectar su visi\u00f3n a nivel pa\u00eds.<\/p>\n<p>Este art\u00edculo se basa en las declaraciones de M\u00f3nica D\u00edaz Dalvano en el canal de Aldo Portugal.<\/p>\n<\/div>\n<p>Podes ver la entrevista aqui&nbsp;<\/p>\n<p><iframe loading=\"lazy\" title=\"M\u00f3nica D\u00edaz Dalvano - Viceintendenta - Capital de La Rioja \" width=\"640\" height=\"360\" src=\"https:\/\/www.youtube.com\/embed\/HLpKGc0nXos?feature=oembed\" frameborder=\"0\" allow=\"accelerometer; autoplay; clipboard-write; encrypted-media; gyroscope; picture-in-picture; web-share\" referrerpolicy=\"strict-origin-when-cross-origin\" allowfullscreen><\/iframe><\/p>\n","protected":false},"excerpt":{"rendered":"<p>Ricardo Quintela: El camino de un l\u00edder que transform\u00f3 La Rioja y hoy proyecta su&#8230;<\/p>\n","protected":false},"author":1,"featured_media":45957,"comment_status":"closed","ping_status":"closed","sticky":true,"template":"","format":"standard","meta":{"ngg_post_thumbnail":0,"footnotes":""},"categories":[5,1,3],"tags":[],"_links":{"self":[{"href":"https:\/\/www.matizando.com.ar\/index.php?rest_route=\/wp\/v2\/posts\/45956"}],"collection":[{"href":"https:\/\/www.matizando.com.ar\/index.php?rest_route=\/wp\/v2\/posts"}],"about":[{"href":"https:\/\/www.matizando.com.ar\/index.php?rest_route=\/wp\/v2\/types\/post"}],"author":[{"embeddable":true,"href":"https:\/\/www.matizando.com.ar\/index.php?rest_route=\/wp\/v2\/users\/1"}],"replies":[{"embeddable":true,"href":"https:\/\/www.matizando.com.ar\/index.php?rest_route=%2Fwp%2Fv2%2Fcomments&post=45956"}],"version-history":[{"count":2,"href":"https:\/\/www.matizando.com.ar\/index.php?rest_route=\/wp\/v2\/posts\/45956\/revisions"}],"predecessor-version":[{"id":45959,"href":"https:\/\/www.matizando.com.ar\/index.php?rest_route=\/wp\/v2\/posts\/45956\/revisions\/45959"}],"wp:featuredmedia":[{"embeddable":true,"href":"https:\/\/www.matizando.com.ar\/index.php?rest_route=\/wp\/v2\/media\/45957"}],"wp:attachment":[{"href":"https:\/\/www.matizando.com.ar\/index.php?rest_route=%2Fwp%2Fv2%2Fmedia&parent=45956"}],"wp:term":[{"taxonomy":"category","embeddable":true,"href":"https:\/\/www.matizando.com.ar\/index.php?rest_route=%2Fwp%2Fv2%2Fcategories&post=45956"},{"taxonomy":"post_tag","embeddable":true,"href":"https:\/\/www.matizando.com.ar\/index.php?rest_route=%2Fwp%2Fv2%2Ftags&post=45956"}],"curies":[{"name":"wp","href":"https:\/\/api.w.org\/{rel}","templated":true}]}}