{"id":45950,"date":"2026-04-27T12:36:30","date_gmt":"2026-04-27T12:36:30","guid":{"rendered":"https:\/\/www.matizando.com.ar\/?p=45950"},"modified":"2026-04-27T13:36:00","modified_gmt":"2026-04-27T13:36:00","slug":"la-rioja-lanzan-inscripciones-anticipadas-para-jornada-provincial-de-coaching","status":"publish","type":"post","link":"https:\/\/www.matizando.com.ar\/?p=45950","title":{"rendered":"La Rioja: Habilitan Inscripciones Anticipadas"},"content":{"rendered":"<p data-start=\"84\" data-end=\"384\">La comunidad de coaching de la provincia de La Rioja se encamina a un hecho significativo con el lanzamiento oficial de las inscripciones anticipadas para el \u201cTinkunaco de Coaches\u201d, la Primera Jornada Provincial de Coaching que se desarrollar\u00e1 el pr\u00f3ximo 19 de septiembre en la Sala Roja de la UNLaR.<\/p>\n<p data-start=\"386\" data-end=\"791\"><a href=\"https:\/\/www.matizando.com.ar\/wp-content\/uploads\/2026\/04\/tinkunaco-Incriciones.png\"><img loading=\"lazy\" decoding=\"async\" class=\"size-medium wp-image-45952 alignleft\" src=\"https:\/\/www.matizando.com.ar\/wp-content\/uploads\/2026\/04\/tinkunaco-Incriciones-282x300.png\" alt=\"\" width=\"282\" height=\"300\" srcset=\"https:\/\/www.matizando.com.ar\/wp-content\/uploads\/2026\/04\/tinkunaco-Incriciones-282x300.png 282w, https:\/\/www.matizando.com.ar\/wp-content\/uploads\/2026\/04\/tinkunaco-Incriciones-962x1024.png 962w, https:\/\/www.matizando.com.ar\/wp-content\/uploads\/2026\/04\/tinkunaco-Incriciones-768x817.png 768w, https:\/\/www.matizando.com.ar\/wp-content\/uploads\/2026\/04\/tinkunaco-Incriciones-1024x1090.png 1024w, https:\/\/www.matizando.com.ar\/wp-content\/uploads\/2026\/04\/tinkunaco-Incriciones.png 1216w\" sizes=\"(max-width: 282px) 100vw, 282px\" \/><\/a>Bajo la consigna \u201cAbierto al Mundo\u201d, la iniciativa impulsada por CoPeSI (Coaches Ontol\u00f3gicos Profesionales en Servicio Integral) propone consolidar un espacio de integraci\u00f3n entre la disciplina del coaching ontol\u00f3gico, la comunidad riojana y el \u00e1mbito profesional. El encuentro est\u00e1 orientado tanto a coaches en ejercicio como a estudiantes y p\u00fablico interesado en el desarrollo personal y organizacional.<\/p>\n<p data-start=\"793\" data-end=\"1117\">Desde la organizaci\u00f3n confirmaron que el per\u00edodo de inscripci\u00f3n anticipada ya se encuentra habilitado, con cupos limitados, y se extender\u00e1 hasta el 31 de mayo. Los interesados pueden acceder al formulario a trav\u00e9s de la biograf\u00eda del Instagram oficial @COPESILR o mediante el c\u00f3digo QR difundido en las piezas promocionales.<\/p>\n<p data-start=\"1119\" data-end=\"1376\">El evento contar\u00e1 con el respaldo estrat\u00e9gico de <a class=\"decorated-link\" href=\"http:\/\/www.Matizando.com.ar\" target=\"_new\" rel=\"noopener\" data-start=\"1168\" data-end=\"1188\">www.Matizando.com.ar<\/a>, que se posiciona como sponsor oficial, reafirmando su compromiso con la difusi\u00f3n de propuestas que impulsan el liderazgo, la formaci\u00f3n continua y el crecimiento profesional en la regi\u00f3n.<\/p>\n<p data-start=\"1378\" data-end=\"1671\">El \u201cTinkunaco de Coaches\u201d no solo se proyecta como una instancia de actualizaci\u00f3n acad\u00e9mica y profesional, sino tambi\u00e9n como una plataforma para visibilizar el rol del coach ontol\u00f3gico en la sociedad actual, abordando los desaf\u00edos contempor\u00e1neos desde una mirada integral, \u00e9tica y de servicio.<\/p>\n<p data-start=\"1673\" data-end=\"1729\"><strong data-start=\"1673\" data-end=\"1697\">Link de inscripci\u00f3n:<\/strong> <a class=\"decorated-link\" href=\"https:\/\/url-shortener.me\/LI6P\" target=\"_new\" rel=\"noopener\" data-start=\"1698\" data-end=\"1727\">https:\/\/url-shortener.me\/LI6P<\/a><\/p>\n<p data-start=\"1731\" data-end=\"1873\" data-is-last-node=\"\" data-is-only-node=\"\">Redacci\u00f3n: <a class=\"decorated-link\" href=\"https:\/\/www.matizando.com.ar\" target=\"_new\" rel=\"noopener\" data-start=\"1742\" data-end=\"1762\">www.matizando.com.ar<\/a> &#8211; Correo: <a class=\"decorated-link cursor-pointer\" rel=\"noopener\" data-start=\"1773\" data-end=\"1799\">prensalarioja@yahoo.com.ar<\/a> &#8211; Portales Asociados: <a class=\"decorated-link\" href=\"http:\/\/www.AldoPortugal.com.ar\" target=\"_new\" rel=\"noopener\" data-start=\"1822\" data-end=\"1845\">www.AldoPortugal.com.ar<\/a> &#8211; <a class=\"decorated-link\" href=\"http:\/\/www.LaRiojaChayera.com.ar\" target=\"_new\" rel=\"noopener\" data-start=\"1848\" data-end=\"1873\" data-is-last-node=\"\">www.LaRiojaChayera.com.ar<\/a><\/p>\n\n\n<p><\/p>\n","protected":false},"excerpt":{"rendered":"<p>La comunidad de coaching de la provincia de La Rioja se encamina a un hecho&#8230;<\/p>\n","protected":false},"author":1,"featured_media":45951,"comment_status":"closed","ping_status":"closed","sticky":true,"template":"","format":"standard","meta":{"ngg_post_thumbnail":0,"footnotes":""},"categories":[5,1,3],"tags":[],"_links":{"self":[{"href":"https:\/\/www.matizando.com.ar\/index.php?rest_route=\/wp\/v2\/posts\/45950"}],"collection":[{"href":"https:\/\/www.matizando.com.ar\/index.php?rest_route=\/wp\/v2\/posts"}],"about":[{"href":"https:\/\/www.matizando.com.ar\/index.php?rest_route=\/wp\/v2\/types\/post"}],"author":[{"embeddable":true,"href":"https:\/\/www.matizando.com.ar\/index.php?rest_route=\/wp\/v2\/users\/1"}],"replies":[{"embeddable":true,"href":"https:\/\/www.matizando.com.ar\/index.php?rest_route=%2Fwp%2Fv2%2Fcomments&post=45950"}],"version-history":[{"count":3,"href":"https:\/\/www.matizando.com.ar\/index.php?rest_route=\/wp\/v2\/posts\/45950\/revisions"}],"predecessor-version":[{"id":45955,"href":"https:\/\/www.matizando.com.ar\/index.php?rest_route=\/wp\/v2\/posts\/45950\/revisions\/45955"}],"wp:featuredmedia":[{"embeddable":true,"href":"https:\/\/www.matizando.com.ar\/index.php?rest_route=\/wp\/v2\/media\/45951"}],"wp:attachment":[{"href":"https:\/\/www.matizando.com.ar\/index.php?rest_route=%2Fwp%2Fv2%2Fmedia&parent=45950"}],"wp:term":[{"taxonomy":"category","embeddable":true,"href":"https:\/\/www.matizando.com.ar\/index.php?rest_route=%2Fwp%2Fv2%2Fcategories&post=45950"},{"taxonomy":"post_tag","embeddable":true,"href":"https:\/\/www.matizando.com.ar\/index.php?rest_route=%2Fwp%2Fv2%2Ftags&post=45950"}],"curies":[{"name":"wp","href":"https:\/\/api.w.org\/{rel}","templated":true}]}}