{"id":45947,"date":"2026-04-27T12:21:58","date_gmt":"2026-04-27T12:21:58","guid":{"rendered":"https:\/\/www.matizando.com.ar\/?p=45947"},"modified":"2026-04-27T12:23:29","modified_gmt":"2026-04-27T12:23:29","slug":"la-rioja-fortalece-su-identidad-cultural-en-la-feria-internacional-del-libro","status":"publish","type":"post","link":"https:\/\/www.matizando.com.ar\/?p=45947","title":{"rendered":"La Rioja fortalece su identidad cultural en la Feria Internacional del Libro"},"content":{"rendered":"<p data-path-to-node=\"1\">La provincia de La Rioja reafirm\u00f3 su protagonismo en la escena cultural nacional mediante la realizaci\u00f3n de su Acto Oficial en la Feria Internacional del Libro de Buenos Aires. Durante el encuentro, organizado por la Secretar\u00eda de Culturas, se exhibi\u00f3 la riqueza de la producci\u00f3n editorial local y se establecieron los lineamientos de la pol\u00edtica cultural bonaerense para el presente a\u00f1o.<\/p>\n<p data-path-to-node=\"2\">El evento sirvi\u00f3 como plataforma para la presentaci\u00f3n de obras de gran relevancia identitaria. Entre los t\u00edtulos destacados se encontr\u00f3 <b data-path-to-node=\"2\" data-index-in-node=\"136\">Te Cuento la Chaya<\/b>, una compilaci\u00f3n que rescata las tradiciones m\u00e1s profundas del acervo riojano a trav\u00e9s de voces concursantes. Asimismo, se present\u00f3 <b data-path-to-node=\"2\" data-index-in-node=\"287\">El dolor es un intersticio en el cuerpo<\/b>, bajo el sello de Plano Editorial, y la obra hist\u00f3rica <b data-path-to-node=\"2\" data-index-in-node=\"382\">El Chacho, el m\u00e1s humano de los caudillos<\/b>, de V\u00edctor Robledo, la cual profundiza en la figura emblem\u00e1tica de \u00c1ngel Vicente Pe\u00f1aloza.<\/p>\n<p data-path-to-node=\"3\">Uno de los puntos centrales de la jornada fue el anuncio de la pr\u00f3xima edici\u00f3n de la Feria del Libro de La Rioja. Bajo el lema <b data-path-to-node=\"3\" data-index-in-node=\"127\">Memoria, Cultura y Resistencia<\/b>, esta nueva convocatoria buscar\u00e1 consolidar el espacio p\u00fablico como un sitio de construcci\u00f3n colectiva y acceso democr\u00e1tico a la palabra.<\/p>\n<p data-path-to-node=\"4\">La presencia riojana se extiende tambi\u00e9n al stand regional Norte Cultura, donde la provincia comparte espacio con sus pares de la regi\u00f3n para la comercializaci\u00f3n y difusi\u00f3n de autores locales. Desde el \u00e1rea de Culturas destacaron que estas acciones forman parte de una estrategia sostenida para impulsar las industrias culturales y garantizar el libro como una herramienta esencial de ciudadan\u00eda.<\/p>\n<p data-path-to-node=\"5\">Redacci\u00f3n: <a class=\"ng-star-inserted\" href=\"https:\/\/www.google.com\/search?q=https:\/\/www.Matizando.com\" target=\"_blank\" rel=\"noopener\" data-hveid=\"0\" data-ved=\"0CAAQ_4QMahcKEwjKv8yigY6UAxUAAAAAHQAAAAAQPQ\">www.Matizando.com<\/a>.ar Correo: prensalarioja@yahoo.com.ar Portales Asociados: <a class=\"ng-star-inserted\" href=\"https:\/\/www.AldoPortugal.com\" target=\"_blank\" rel=\"noopener\" data-hveid=\"0\" data-ved=\"0CAAQ_4QMahcKEwjKv8yigY6UAxUAAAAAHQAAAAAQPg\">www.AldoPortugal.com<\/a>.ar &#8211; <a class=\"ng-star-inserted\" href=\"https:\/\/www.google.com\/search?q=https:\/\/www.LaRiojaChayera.com\" target=\"_blank\" rel=\"noopener\" data-hveid=\"0\" data-ved=\"0CAAQ_4QMahcKEwjKv8yigY6UAxUAAAAAHQAAAAAQPw\">www.LaRiojaChayera.com<\/a>.ar<\/p>\n","protected":false},"excerpt":{"rendered":"<p>La provincia de La Rioja reafirm\u00f3 su protagonismo en la escena cultural nacional mediante la&#8230;<\/p>\n","protected":false},"author":1,"featured_media":45948,"comment_status":"closed","ping_status":"closed","sticky":true,"template":"","format":"standard","meta":{"ngg_post_thumbnail":0,"footnotes":""},"categories":[5,1,3],"tags":[],"_links":{"self":[{"href":"https:\/\/www.matizando.com.ar\/index.php?rest_route=\/wp\/v2\/posts\/45947"}],"collection":[{"href":"https:\/\/www.matizando.com.ar\/index.php?rest_route=\/wp\/v2\/posts"}],"about":[{"href":"https:\/\/www.matizando.com.ar\/index.php?rest_route=\/wp\/v2\/types\/post"}],"author":[{"embeddable":true,"href":"https:\/\/www.matizando.com.ar\/index.php?rest_route=\/wp\/v2\/users\/1"}],"replies":[{"embeddable":true,"href":"https:\/\/www.matizando.com.ar\/index.php?rest_route=%2Fwp%2Fv2%2Fcomments&post=45947"}],"version-history":[{"count":1,"href":"https:\/\/www.matizando.com.ar\/index.php?rest_route=\/wp\/v2\/posts\/45947\/revisions"}],"predecessor-version":[{"id":45949,"href":"https:\/\/www.matizando.com.ar\/index.php?rest_route=\/wp\/v2\/posts\/45947\/revisions\/45949"}],"wp:featuredmedia":[{"embeddable":true,"href":"https:\/\/www.matizando.com.ar\/index.php?rest_route=\/wp\/v2\/media\/45948"}],"wp:attachment":[{"href":"https:\/\/www.matizando.com.ar\/index.php?rest_route=%2Fwp%2Fv2%2Fmedia&parent=45947"}],"wp:term":[{"taxonomy":"category","embeddable":true,"href":"https:\/\/www.matizando.com.ar\/index.php?rest_route=%2Fwp%2Fv2%2Fcategories&post=45947"},{"taxonomy":"post_tag","embeddable":true,"href":"https:\/\/www.matizando.com.ar\/index.php?rest_route=%2Fwp%2Fv2%2Ftags&post=45947"}],"curies":[{"name":"wp","href":"https:\/\/api.w.org\/{rel}","templated":true}]}}