{"id":45944,"date":"2026-04-27T12:18:31","date_gmt":"2026-04-27T12:18:31","guid":{"rendered":"https:\/\/www.matizando.com.ar\/?p=45944"},"modified":"2026-04-27T12:20:34","modified_gmt":"2026-04-27T12:20:34","slug":"escandalo-en-economia-despiden-a-carlos-frugoni-por-propiedades-no-declaradas-en-ee-uu","status":"publish","type":"post","link":"https:\/\/www.matizando.com.ar\/?p=45944","title":{"rendered":"Esc\u00e1ndalo en Econom\u00eda: Despiden a Carlos Frugoni por propiedades no declaradas en EE.UU."},"content":{"rendered":"<p data-path-to-node=\"1\">El Gobierno nacional desplaz\u00f3 de su cargo al secretario de Coordinaci\u00f3n de Infraestructura, <b data-path-to-node=\"1\" data-index-in-node=\"92\">Carlos Frugoni<\/b>, tras revelarse que posee al menos siete propiedades y dos sociedades comerciales en los Estados Unidos no declaradas ante la Oficina Anticorrupci\u00f3n (OA) ni la Agencia de Recaudaci\u00f3n y Control Aduanero (ARCA).<\/p>\n<h3 data-path-to-node=\"2\">El motivo de la salida<\/h3>\n<p data-path-to-node=\"3\">Si bien desde el Ministerio de Econom\u00eda, a cargo de <b data-path-to-node=\"3\" data-index-in-node=\"52\">Luis Caputo<\/b>, se intent\u00f3 presentar el hecho como una renuncia para \u00abaclarar su situaci\u00f3n\u00bb, voceros de la Presidencia fueron determinantes al calificarlo como un <b data-path-to-node=\"3\" data-index-in-node=\"212\">despido<\/b>. El propio Frugoni admiti\u00f3 p\u00fablicamente haber cometido un \u00aberror\u00bb al no registrar dichos activos, que incluyen departamentos en Florida con valores que oscilan entre los <b data-path-to-node=\"3\" data-index-in-node=\"390\">140.000 y 310.000 d\u00f3lares<\/b>.<\/p>\n<p data-path-to-node=\"4\">La investigaci\u00f3n period\u00edstica detect\u00f3 que el exfuncionario utilizaba dos sociedades de responsabilidad limitada (LLC) constituidas en Delaware \u2014<b data-path-to-node=\"4\" data-index-in-node=\"144\">Genova LLC<\/b> y <b data-path-to-node=\"4\" data-index-in-node=\"157\">Waki LLC<\/b>\u2014 como veh\u00edculos para administrar estos inmuebles, situados mayoritariamente en el condado de Palm Beach.<\/p>\n<h3 data-path-to-node=\"5\">Cambios en el Gabinete<\/h3>\n<p data-path-to-node=\"6\">La salida de Frugoni gener\u00f3 un corrimiento inmediato en las segundas l\u00edneas del Palacio de Hacienda:<\/p>\n<ul data-path-to-node=\"7\">\n<li>\n<p data-path-to-node=\"7,0,0\"><b data-path-to-node=\"7,0,0\" data-index-in-node=\"0\">Infraestructura:<\/b> El nuevo secretario ser\u00e1 <b data-path-to-node=\"7,0,0\" data-index-in-node=\"42\">Fernando Herrmann<\/b>, quien hasta ahora se desempe\u00f1aba como secretario de Transporte. Herrmann es arquitecto y cuenta con una vasta trayectoria en el sector privado.<\/p>\n<\/li>\n<li>\n<p data-path-to-node=\"7,1,0\"><b data-path-to-node=\"7,1,0\" data-index-in-node=\"0\">Transporte:<\/b> Para cubrir la vacante de Herrmann, el Gobierno design\u00f3 a <b data-path-to-node=\"7,1,0\" data-index-in-node=\"70\">Mariano Plencovich<\/b>, quien ocupaba la subsecretar\u00eda de Transporte Automotor.<\/p>\n<\/li>\n<\/ul>\n<h3 data-path-to-node=\"8\">Diferencias con otros casos<\/h3>\n<p data-path-to-node=\"9\">Desde Balcarce 50 buscaron trazar una l\u00ednea divisoria entre este caso y las investigaciones que pesan sobre el jefe de Gabinete, <b data-path-to-node=\"9\" data-index-in-node=\"129\">Manuel Adorni<\/b>. Seg\u00fan fuentes oficiales, mientras que lo de Adorni se considera materia de \u00abespeculaci\u00f3n\u00bb, en el caso de Frugoni la falta estaba \u00abcomprobada\u00bb por documentaci\u00f3n registral de los Estados Unidos.<\/p>\n<hr data-path-to-node=\"10\">\n<p data-path-to-node=\"11\">Redacci\u00f3n: <a class=\"ng-star-inserted\" href=\"https:\/\/www.google.com\/search?q=https:\/\/www.Matizando.com\" target=\"_blank\" rel=\"noopener\" data-hveid=\"0\" data-ved=\"0CAAQ_4QMahcKEwji_d_w_o2UAxUAAAAAHQAAAAAQUA\">www.Matizando.com<\/a>.ar Correo: prensalarioja@yahoo.com.ar Portales Asociados: <a class=\"ng-star-inserted\" href=\"https:\/\/www.AldoPortugal.com\" target=\"_blank\" rel=\"noopener\" data-hveid=\"0\" data-ved=\"0CAAQ_4QMahcKEwji_d_w_o2UAxUAAAAAHQAAAAAQUQ\">www.AldoPortugal.com<\/a>.ar &#8211; <a class=\"ng-star-inserted\" href=\"https:\/\/www.google.com\/search?q=https:\/\/www.LaRiojaChayera.com\" target=\"_blank\" rel=\"noopener\" data-hveid=\"0\" data-ved=\"0CAAQ_4QMahcKEwji_d_w_o2UAxUAAAAAHQAAAAAQUg\">www.LaRiojaChayera.com<\/a>.ar<\/p>\n","protected":false},"excerpt":{"rendered":"<p>El Gobierno nacional desplaz\u00f3 de su cargo al secretario de Coordinaci\u00f3n de Infraestructura, Carlos Frugoni,&#8230;<\/p>\n","protected":false},"author":1,"featured_media":45945,"comment_status":"closed","ping_status":"closed","sticky":true,"template":"","format":"standard","meta":{"ngg_post_thumbnail":0,"footnotes":""},"categories":[5,1,3],"tags":[],"_links":{"self":[{"href":"https:\/\/www.matizando.com.ar\/index.php?rest_route=\/wp\/v2\/posts\/45944"}],"collection":[{"href":"https:\/\/www.matizando.com.ar\/index.php?rest_route=\/wp\/v2\/posts"}],"about":[{"href":"https:\/\/www.matizando.com.ar\/index.php?rest_route=\/wp\/v2\/types\/post"}],"author":[{"embeddable":true,"href":"https:\/\/www.matizando.com.ar\/index.php?rest_route=\/wp\/v2\/users\/1"}],"replies":[{"embeddable":true,"href":"https:\/\/www.matizando.com.ar\/index.php?rest_route=%2Fwp%2Fv2%2Fcomments&post=45944"}],"version-history":[{"count":1,"href":"https:\/\/www.matizando.com.ar\/index.php?rest_route=\/wp\/v2\/posts\/45944\/revisions"}],"predecessor-version":[{"id":45946,"href":"https:\/\/www.matizando.com.ar\/index.php?rest_route=\/wp\/v2\/posts\/45944\/revisions\/45946"}],"wp:featuredmedia":[{"embeddable":true,"href":"https:\/\/www.matizando.com.ar\/index.php?rest_route=\/wp\/v2\/media\/45945"}],"wp:attachment":[{"href":"https:\/\/www.matizando.com.ar\/index.php?rest_route=%2Fwp%2Fv2%2Fmedia&parent=45944"}],"wp:term":[{"taxonomy":"category","embeddable":true,"href":"https:\/\/www.matizando.com.ar\/index.php?rest_route=%2Fwp%2Fv2%2Fcategories&post=45944"},{"taxonomy":"post_tag","embeddable":true,"href":"https:\/\/www.matizando.com.ar\/index.php?rest_route=%2Fwp%2Fv2%2Ftags&post=45944"}],"curies":[{"name":"wp","href":"https:\/\/api.w.org\/{rel}","templated":true}]}}