{"id":45942,"date":"2026-04-27T12:10:56","date_gmt":"2026-04-27T12:10:56","guid":{"rendered":"https:\/\/www.matizando.com.ar\/?p=45942"},"modified":"2026-04-27T12:11:44","modified_gmt":"2026-04-27T12:11:44","slug":"paro-en-el-bcra-impacto-en-el-abastecimiento-y-conflicto-por-cierres-regionales","status":"publish","type":"post","link":"https:\/\/www.matizando.com.ar\/?p=45942","title":{"rendered":"Paro en el BCRA: Impacto en el abastecimiento y conflicto por cierres regionales"},"content":{"rendered":"<p data-path-to-node=\"1\">La Asociaci\u00f3n Bancaria lleva adelante hoy una medida de fuerza por 24 horas que afecta exclusivamente a los <b data-path-to-node=\"1\" data-index-in-node=\"108\">tesoros regionales del Banco Central de la Rep\u00fablica Argentina (BCRA)<\/b> en todo el pa\u00eds. El conflicto se desat\u00f3 tras la decisi\u00f3n de la autoridad monetaria de cerrar 12 de estas delegaciones en el interior, una medida que el gremio denuncia que pone en riesgo 32 puestos de trabajo.<\/p>\n<h3 data-path-to-node=\"2\">Alcance de la medida y operatividad bancaria<\/h3>\n<p data-path-to-node=\"3\">A pesar del cese de actividades en los tesoros, se espera que el impacto en el sistema financiero general sea acotado:<\/p>\n<ul data-path-to-node=\"4\">\n<li>\n<p data-path-to-node=\"4,0,0\"><b data-path-to-node=\"4,0,0\" data-index-in-node=\"0\">Atenci\u00f3n al p\u00fablico:<\/b> Las sucursales bancarias de todo el pa\u00eds operan con <b data-path-to-node=\"4,0,0\" data-index-in-node=\"73\">total normalidad<\/b>.<\/p>\n<\/li>\n<li>\n<p data-path-to-node=\"4,1,0\"><b data-path-to-node=\"4,1,0\" data-index-in-node=\"0\">Cajeros autom\u00e1ticos:<\/b> La red funciona habitualmente, aunque el gremio advirti\u00f3 sobre posibles dificultades puntuales en el abastecimiento de efectivo en plazas espec\u00edficas del interior.<\/p>\n<\/li>\n<li>\n<p data-path-to-node=\"4,2,0\"><b data-path-to-node=\"4,2,0\" data-index-in-node=\"0\">Log\u00edstica de efectivo:<\/b> Si bien no habr\u00e1 traslado de caudales desde los tesoros regionales hoy, los bancos l\u00edderes suelen contar con circuitos propios de distribuci\u00f3n que permiten mitigar la inactividad de un solo d\u00eda.<\/p>\n<\/li>\n<\/ul>\n<h3 data-path-to-node=\"5\">Tensi\u00f3n gremial y paritarias<\/h3>\n<p data-path-to-node=\"6\">Desde el gremio conducido por Sergio Palazzo denunciaron falta de di\u00e1logo, amenazas e intimidaciones hacia el personal. Asimismo, advirtieron que, de no mediar una soluci\u00f3n, el plan de lucha se profundizar\u00e1 extendiendo las medidas a otras entidades p\u00fablicas y privadas.<\/p>\n<p data-path-to-node=\"7\">Este conflicto escala en paralelo al reciente cierre de la negociaci\u00f3n paritaria del sector. Los bancarios acordaron un incremento del <b data-path-to-node=\"7\" data-index-in-node=\"135\">3,4% para marzo<\/b>, elevando el salario inicial a <b data-path-to-node=\"7\" data-index-in-node=\"182\">$2.259.305,03<\/b>. Adem\u00e1s, se defini\u00f3 que el bono por el D\u00eda del Bancario tendr\u00e1 un piso de <b data-path-to-node=\"7\" data-index-in-node=\"270\">$2.014.092,28<\/b>, monto que se ajustar\u00e1 seg\u00fan futuras actualizaciones salariales.<\/p>\n<hr data-path-to-node=\"8\">\n<p data-path-to-node=\"9\">Redacci\u00f3n: <a class=\"ng-star-inserted\" href=\"https:\/\/www.google.com\/search?q=https:\/\/www.Matizando.com\" target=\"_blank\" rel=\"noopener\" data-hveid=\"0\" data-ved=\"0CAAQ_4QMahcKEwji_d_w_o2UAxUAAAAAHQAAAAAQPA\">www.Matizando.com<\/a>.ar Correo: prensalarioja@yahoo.com.ar Portales Asociados: <a class=\"ng-star-inserted\" href=\"https:\/\/www.AldoPortugal.com\" target=\"_blank\" rel=\"noopener\" data-hveid=\"0\" data-ved=\"0CAAQ_4QMahcKEwji_d_w_o2UAxUAAAAAHQAAAAAQPQ\">www.AldoPortugal.com<\/a>.ar &#8211; <a class=\"ng-star-inserted\" href=\"https:\/\/www.google.com\/search?q=https:\/\/www.LaRiojaChayera.com\" target=\"_blank\" rel=\"noopener\" data-hveid=\"0\" data-ved=\"0CAAQ_4QMahcKEwji_d_w_o2UAxUAAAAAHQAAAAAQPg\">www.LaRiojaChayera.com<\/a>.ar<\/p>\n","protected":false},"excerpt":{"rendered":"<p>La Asociaci\u00f3n Bancaria lleva adelante hoy una medida de fuerza por 24 horas que afecta&#8230;<\/p>\n","protected":false},"author":1,"featured_media":13626,"comment_status":"closed","ping_status":"closed","sticky":true,"template":"","format":"standard","meta":{"ngg_post_thumbnail":0,"footnotes":""},"categories":[5,1,3],"tags":[],"_links":{"self":[{"href":"https:\/\/www.matizando.com.ar\/index.php?rest_route=\/wp\/v2\/posts\/45942"}],"collection":[{"href":"https:\/\/www.matizando.com.ar\/index.php?rest_route=\/wp\/v2\/posts"}],"about":[{"href":"https:\/\/www.matizando.com.ar\/index.php?rest_route=\/wp\/v2\/types\/post"}],"author":[{"embeddable":true,"href":"https:\/\/www.matizando.com.ar\/index.php?rest_route=\/wp\/v2\/users\/1"}],"replies":[{"embeddable":true,"href":"https:\/\/www.matizando.com.ar\/index.php?rest_route=%2Fwp%2Fv2%2Fcomments&post=45942"}],"version-history":[{"count":1,"href":"https:\/\/www.matizando.com.ar\/index.php?rest_route=\/wp\/v2\/posts\/45942\/revisions"}],"predecessor-version":[{"id":45943,"href":"https:\/\/www.matizando.com.ar\/index.php?rest_route=\/wp\/v2\/posts\/45942\/revisions\/45943"}],"wp:featuredmedia":[{"embeddable":true,"href":"https:\/\/www.matizando.com.ar\/index.php?rest_route=\/wp\/v2\/media\/13626"}],"wp:attachment":[{"href":"https:\/\/www.matizando.com.ar\/index.php?rest_route=%2Fwp%2Fv2%2Fmedia&parent=45942"}],"wp:term":[{"taxonomy":"category","embeddable":true,"href":"https:\/\/www.matizando.com.ar\/index.php?rest_route=%2Fwp%2Fv2%2Fcategories&post=45942"},{"taxonomy":"post_tag","embeddable":true,"href":"https:\/\/www.matizando.com.ar\/index.php?rest_route=%2Fwp%2Fv2%2Ftags&post=45942"}],"curies":[{"name":"wp","href":"https:\/\/api.w.org\/{rel}","templated":true}]}}