{"id":45940,"date":"2026-04-27T11:37:19","date_gmt":"2026-04-27T11:37:19","guid":{"rendered":"https:\/\/www.matizando.com.ar\/?p=45940"},"modified":"2026-04-27T11:43:32","modified_gmt":"2026-04-27T11:43:32","slug":"quintela-no-descarta-su-candidatura-presidencial","status":"publish","type":"post","link":"https:\/\/www.matizando.com.ar\/?p=45940","title":{"rendered":"Quintela no descarta su candidatura presidencial"},"content":{"rendered":"<p data-start=\"0\" data-end=\"89\"><strong data-start=\"0\" data-end=\"89\">La Rioja: Quintela impulsa la unidad del PJ&nbsp;<\/strong><\/p>\n<p data-start=\"91\" data-end=\"378\">El gobernador de La Rioja, <span class=\"hover:entity-accent entity-underline inline cursor-pointer align-baseline\"><span class=\"whitespace-normal\">Ricardo Quintela<\/span><\/span>, plante\u00f3 la necesidad de reorganizar al peronismo con vistas a las elecciones de 2027 y dej\u00f3 abierta la posibilidad de competir por la presidencia, aunque destac\u00f3 a otros dirigentes del espacio como potenciales candidatos.<\/p>\n<p data-start=\"380\" data-end=\"769\">En una entrevista reciente, el mandatario sostuvo que el resultado electoral de 2023 no signific\u00f3 un rechazo exclusivo al kirchnerismo, sino un cuestionamiento general a toda la dirigencia pol\u00edtica. En esa l\u00ednea, consider\u00f3 que la llegada de <span class=\"hover:entity-accent entity-underline inline cursor-pointer align-baseline\"><span class=\"whitespace-normal\">Javier Milei<\/span><\/span> respondi\u00f3 a una b\u00fasqueda social de alternativas frente a un sistema que, seg\u00fan afirm\u00f3, no supo dar respuestas.<\/p>\n<p data-start=\"771\" data-end=\"1091\">Quintela tambi\u00e9n analiz\u00f3 la derrota electoral posterior, atribuy\u00e9ndola a un \u201cdespertar del antiperonismo\u201d, y remarc\u00f3 que el desaf\u00edo actual del justicialismo es construir una propuesta que vuelva a conectar con la sociedad. \u201cEstamos dise\u00f1ando un proyecto de pa\u00eds que empatice con la gente y sus problemas reales\u201d, se\u00f1al\u00f3.<\/p>\n<p data-start=\"1093\" data-end=\"1588\">Respecto al liderazgo dentro del espacio, el gobernador riojano evit\u00f3 definiciones excluyentes y apost\u00f3 a un esquema amplio que incluya a diferentes referentes. En ese sentido, valor\u00f3 la figura del gobernador bonaerense <span class=\"hover:entity-accent entity-underline inline cursor-pointer align-baseline\"><span class=\"whitespace-normal\">Axel Kicillof<\/span><\/span>, a quien consider\u00f3 preparado para afrontar un escenario nacional complejo, aunque tambi\u00e9n destac\u00f3 a <span class=\"hover:entity-accent entity-underline inline cursor-pointer align-baseline\"><span class=\"whitespace-normal\">Sergio Massa<\/span><\/span> y al sanjuanino <span class=\"hover:entity-accent entity-underline inline cursor-pointer align-baseline\"><span class=\"whitespace-normal\">Sergio U\u00f1ac<\/span><\/span> como dirigentes con experiencia y proyecci\u00f3n.<\/p>\n<p data-start=\"1590\" data-end=\"1849\">Asimismo, reafirm\u00f3 el rol central de <span class=\"hover:entity-accent entity-underline inline cursor-pointer align-baseline\"><span class=\"whitespace-normal\">Cristina Fern\u00e1ndez de Kirchner<\/span><\/span> dentro del movimiento, a quien defini\u00f3 como \u201cla l\u00edder m\u00e1s importante del peronismo\u201d, al tiempo que sostuvo que la construcci\u00f3n pol\u00edtica debe ser colectiva y con autocr\u00edtica compartida.<\/p>\n<p data-start=\"1851\" data-end=\"2116\">En relaci\u00f3n a la estrategia electoral, Quintela defendi\u00f3 la vigencia de las PASO como herramienta para dirimir candidaturas y fortalecer la oferta pol\u00edtica del espacio. \u201cEl peronismo necesita mostrar sus mejores propuestas y permitir que la sociedad elija\u201d, afirm\u00f3.<\/p>\n<p data-start=\"2118\" data-end=\"2381\">Finalmente, al ser consultado sobre sus aspiraciones personales, el mandatario fue claro: \u201cMe gustar\u00eda ser candidato a presidente\u201d, aunque aclar\u00f3 que su prioridad actual es contribuir a la reconstrucci\u00f3n de un peronismo \u201ceficiente, din\u00e1mico y cercano a la gente\u201d.<\/p>\n<p data-start=\"2383\" data-end=\"2529\" data-is-last-node=\"\" data-is-only-node=\"\"><strong data-start=\"2383\" data-end=\"2529\" data-is-last-node=\"\">Redacci\u00f3n: <a class=\"decorated-link cursor-pointer\" target=\"_new\" rel=\"noopener\" data-start=\"2396\" data-end=\"2416\">www.matizando.com.ar<\/a> &#8211; Correo: <a class=\"decorated-link cursor-pointer\" rel=\"noopener\" data-start=\"2427\" data-end=\"2453\">prensalarioja@yahoo.com.ar<\/a> &#8211; Portales Asociados: <a class=\"decorated-link cursor-pointer\" target=\"_new\" rel=\"noopener\" data-start=\"2476\" data-end=\"2499\">www.AldoPortugal.com.ar<\/a> &#8211; <a class=\"decorated-link cursor-pointer\" target=\"_new\" rel=\"noopener\" data-start=\"2502\" data-end=\"2527\">www.LaRiojaChayera.com.ar<\/a><\/strong><\/p>\n","protected":false},"excerpt":{"rendered":"<p>La Rioja: Quintela impulsa la unidad del PJ&nbsp; El gobernador de La Rioja, Ricardo Quintela,&#8230;<\/p>\n","protected":false},"author":1,"featured_media":36070,"comment_status":"closed","ping_status":"closed","sticky":true,"template":"","format":"standard","meta":{"ngg_post_thumbnail":0,"footnotes":""},"categories":[5,1,3],"tags":[],"_links":{"self":[{"href":"https:\/\/www.matizando.com.ar\/index.php?rest_route=\/wp\/v2\/posts\/45940"}],"collection":[{"href":"https:\/\/www.matizando.com.ar\/index.php?rest_route=\/wp\/v2\/posts"}],"about":[{"href":"https:\/\/www.matizando.com.ar\/index.php?rest_route=\/wp\/v2\/types\/post"}],"author":[{"embeddable":true,"href":"https:\/\/www.matizando.com.ar\/index.php?rest_route=\/wp\/v2\/users\/1"}],"replies":[{"embeddable":true,"href":"https:\/\/www.matizando.com.ar\/index.php?rest_route=%2Fwp%2Fv2%2Fcomments&post=45940"}],"version-history":[{"count":1,"href":"https:\/\/www.matizando.com.ar\/index.php?rest_route=\/wp\/v2\/posts\/45940\/revisions"}],"predecessor-version":[{"id":45941,"href":"https:\/\/www.matizando.com.ar\/index.php?rest_route=\/wp\/v2\/posts\/45940\/revisions\/45941"}],"wp:featuredmedia":[{"embeddable":true,"href":"https:\/\/www.matizando.com.ar\/index.php?rest_route=\/wp\/v2\/media\/36070"}],"wp:attachment":[{"href":"https:\/\/www.matizando.com.ar\/index.php?rest_route=%2Fwp%2Fv2%2Fmedia&parent=45940"}],"wp:term":[{"taxonomy":"category","embeddable":true,"href":"https:\/\/www.matizando.com.ar\/index.php?rest_route=%2Fwp%2Fv2%2Fcategories&post=45940"},{"taxonomy":"post_tag","embeddable":true,"href":"https:\/\/www.matizando.com.ar\/index.php?rest_route=%2Fwp%2Fv2%2Ftags&post=45940"}],"curies":[{"name":"wp","href":"https:\/\/api.w.org\/{rel}","templated":true}]}}