{"id":43657,"date":"2025-12-09T12:24:45","date_gmt":"2025-12-09T12:24:45","guid":{"rendered":"https:\/\/www.matizando.com.ar\/?p=43657"},"modified":"2025-12-09T12:31:00","modified_gmt":"2025-12-09T12:31:00","slug":"chaya-2026-grilla-precios","status":"publish","type":"post","link":"https:\/\/www.matizando.com.ar\/?p=43657","title":{"rendered":"Chaya 2026 &#8211; Grilla &#8211; Precios"},"content":{"rendered":"<p data-path-to-node=\"1\"><b>Se realizar\u00e1 del 13 al 15 de febrero en el Aut\u00f3dromo Ciudad de La Rioja.<\/b><span id=\"more-6670\"><\/span><\/p>\n<p data-path-to-node=\"1\"><b>Los artistas confirmados son Abel Pintos, Soledad, Sergio Galleguillo, Ulises Bueno, El Loco Amato y La LBC y Eugenia Quevedo.<\/b><\/p>\n<p data-path-to-node=\"1\"><b>Las entradas se pusieron a la venta, buscando recuperar el movimiento tur\u00edstico en coincidencia con el feriado de Carnaval.<\/b><\/p>\n<p data-path-to-node=\"3\">La Fiesta Nacional de la Chaya, una de las expresiones m\u00e1s aut\u00e9nticas del folclore del norte argentino con ra\u00edces ind\u00edgenas y campesinas, tiene fechas y artistas confirmados para su edici\u00f3n 2026. La celebraci\u00f3n, que rinde homenaje a la Pachamama entre harina, albahaca y m\u00fasica, se desarrollar\u00e1 durante tres noches.<\/p>\n<p data-path-to-node=\"5\">El Festival de La Chaya 2026 se llevar\u00e1 a cabo del&nbsp;<b>viernes 13 al domingo 15 de febrero<\/b>&nbsp;en el&nbsp;<b>Aut\u00f3dromo Ciudad de La Rioja<\/b>.<\/p>\n<p data-path-to-node=\"6\">La fecha elegida coincide con el feriado de&nbsp;<b>Carnaval<\/b>, lo que potencia las expectativas tur\u00edsticas y de movimiento econ\u00f3mico para la provincia.<\/p>\n<h3 data-path-to-node=\"7\">&nbsp;La venidera edici\u00f3n ya confirm\u00f3 a los principales exponentes nacionales que animar\u00e1n cada jornada, adem\u00e1s de contar con la participaci\u00f3n de destacados artistas de La Rioja:<\/h3>\n<table data-path-to-node=\"9\">\n<thead>\n<tr>\n<td><strong>D\u00eda<\/strong><\/td>\n<td><strong>Fecha<\/strong><\/td>\n<td><strong>Artistas Confirmados<\/strong><\/td>\n<\/tr>\n<\/thead>\n<tbody>\n<tr>\n<td><span data-path-to-node=\"9,1,0,0\"><b>Viernes<\/b><\/span><\/td>\n<td><span data-path-to-node=\"9,1,1,0\">13 de febrero<\/span><\/td>\n<td><span data-path-to-node=\"9,1,2,0\">Abel Pintos, Loco Amato<\/span><\/td>\n<\/tr>\n<tr>\n<td><span data-path-to-node=\"9,2,0,0\"><b>S\u00e1bado<\/b><\/span><\/td>\n<td><span data-path-to-node=\"9,2,1,0\">14 de febrero<\/span><\/td>\n<td><span data-path-to-node=\"9,2,2,0\">Soledad, Ulises Bueno<\/span><\/td>\n<\/tr>\n<tr>\n<td><span data-path-to-node=\"9,3,0,0\"><b>Domingo<\/b><\/span><\/td>\n<td><span data-path-to-node=\"9,3,1,0\">15 de febrero<\/span><\/td>\n<td><span data-path-to-node=\"9,3,2,0\">Sergio Galleguillo, LBC y Euge Quevedo<\/span><\/td>\n<\/tr>\n<\/tbody>\n<\/table>\n<h3 data-path-to-node=\"10\">&nbsp;Entradas<\/h3>\n<p data-path-to-node=\"11\">La venta de entradas ya fue habilitada con precios diferenciados por sector:<\/p>\n<ul data-path-to-node=\"12\">\n<li>\n<p data-path-to-node=\"12,0,0\"><b>Platea:<\/b>&nbsp;$60.000<\/p>\n<\/li>\n<li>\n<p data-path-to-node=\"12,1,0\"><b>Rancho:<\/b>&nbsp;$30.000<\/p>\n<\/li>\n<\/ul>\n<p data-path-to-node=\"13\">Los tickets se podr\u00e1n adquirir desde el&nbsp;<b>martes 9 de diciembre<\/b>&nbsp;en 3 cuotas sin inter\u00e9s utilizando tarjetas del Banco Rioja, o v\u00eda&nbsp;<i>online<\/i>&nbsp;a trav\u00e9s del sistema Paseshow.<\/p>\n<p data-path-to-node=\"14\">La organizaci\u00f3n destac\u00f3 que esta edici\u00f3n busca la&nbsp;<b>autosustentabilidad<\/b>&nbsp;financiera mediante la participaci\u00f3n del sector privado, la venta de entradas y la concesi\u00f3n de espacios dentro del predio.<\/p>\n<h3 data-path-to-node=\"15\">&nbsp;Expectativas Tur\u00edsticas<\/h3>\n<p data-path-to-node=\"16\">Seg\u00fan declaraciones de Zavattieri, la Chaya 2026 ser\u00e1 clave para recuperar el movimiento econ\u00f3mico de la provincia. El dirigente expres\u00f3 que esperan que el turista no solo se concentre en Capital, sino que&nbsp;<b>\u201crecorra los circuitos del interior, que son bell\u00edsimos\u201d<\/b>.<\/p>\n<p data-path-to-node=\"17\">Record\u00f3 que el sector tur\u00edstico viene golpeado desde eventos anteriores y se espera que el Festival impulse el repunte del verano para luego delinear estrategias para el resto del a\u00f1o.<\/p>\n<hr data-path-to-node=\"18\">\n<p>Redacci\u00f3n: www.LaRiojaChayera.com.ar<\/p>\n<p>Correo: prensalarioja@yahoo.com.ar<\/p>\n<p>Portales Asociados: www.AldoPortugal.com.ar \u2013 www.Matizando.com.ar<\/p>\n","protected":false},"excerpt":{"rendered":"<p>Se realizar\u00e1 del 13 al 15 de febrero en el Aut\u00f3dromo Ciudad de La Rioja&#8230;.<\/p>\n","protected":false},"author":1,"featured_media":43658,"comment_status":"closed","ping_status":"closed","sticky":true,"template":"","format":"standard","meta":{"ngg_post_thumbnail":0,"footnotes":""},"categories":[7,5,1,3],"tags":[],"_links":{"self":[{"href":"https:\/\/www.matizando.com.ar\/index.php?rest_route=\/wp\/v2\/posts\/43657"}],"collection":[{"href":"https:\/\/www.matizando.com.ar\/index.php?rest_route=\/wp\/v2\/posts"}],"about":[{"href":"https:\/\/www.matizando.com.ar\/index.php?rest_route=\/wp\/v2\/types\/post"}],"author":[{"embeddable":true,"href":"https:\/\/www.matizando.com.ar\/index.php?rest_route=\/wp\/v2\/users\/1"}],"replies":[{"embeddable":true,"href":"https:\/\/www.matizando.com.ar\/index.php?rest_route=%2Fwp%2Fv2%2Fcomments&post=43657"}],"version-history":[{"count":1,"href":"https:\/\/www.matizando.com.ar\/index.php?rest_route=\/wp\/v2\/posts\/43657\/revisions"}],"predecessor-version":[{"id":43659,"href":"https:\/\/www.matizando.com.ar\/index.php?rest_route=\/wp\/v2\/posts\/43657\/revisions\/43659"}],"wp:featuredmedia":[{"embeddable":true,"href":"https:\/\/www.matizando.com.ar\/index.php?rest_route=\/wp\/v2\/media\/43658"}],"wp:attachment":[{"href":"https:\/\/www.matizando.com.ar\/index.php?rest_route=%2Fwp%2Fv2%2Fmedia&parent=43657"}],"wp:term":[{"taxonomy":"category","embeddable":true,"href":"https:\/\/www.matizando.com.ar\/index.php?rest_route=%2Fwp%2Fv2%2Fcategories&post=43657"},{"taxonomy":"post_tag","embeddable":true,"href":"https:\/\/www.matizando.com.ar\/index.php?rest_route=%2Fwp%2Fv2%2Ftags&post=43657"}],"curies":[{"name":"wp","href":"https:\/\/api.w.org\/{rel}","templated":true}]}}