{"id":26197,"date":"2022-04-20T15:55:16","date_gmt":"2022-04-20T15:55:16","guid":{"rendered":"https:\/\/www.matizando.com.ar\/?p=26197"},"modified":"2022-04-20T15:56:12","modified_gmt":"2022-04-20T15:56:12","slug":"lucas-novella","status":"publish","type":"post","link":"https:\/\/www.matizando.com.ar\/?p=26197","title":{"rendered":"Lucas Novella"},"content":{"rendered":"<p>LaRiojaChayera.com.ar en dialogo con el artista Lucas Novella profundizamos sobre lo nuevo de su pr\u00f3ximo material discogr\u00e1fico.<!--more--><\/p>\n<p>El cantautor bonaerense Lucas Novella, radicado actualmente en la provincia de Formosa, estren\u00f3 sus nuevas canciones \u201cChacarera de las costumbres\u201d y \u201cChacarera norte\u00f1a \u201cde autor\u00eda propia, cuyas piezas corresponde a la seguidilla de tres creaciones propias que a trav\u00e9s de sus diferentes redes coparte con el p\u00fablico.<\/p>\n<p>Su estilo musical tiene una base de folklore tradicional, con una instrumentaci\u00f3n orientada hacia el rock, con una fuerte impronta de temas propios, lo que converge en una potente y novedosa propuesta art\u00edstica.<\/p>\n<p>La canci\u00f3n \u201cChacarera de las costumbres\u201d es un paralelismo de las distintos gustos y culturas entre el Norte y el Sur de Argentina, ya disponible desde el 11 de marzo en todas las plataformas digitales de m\u00fasica y en el canal oficial de YouTube del artista.<\/p>\n<p>La seguidilla de estrenos, que tambi\u00e9n son obras que le pertenecen en letra y m\u00fasica a Lucas Novella, continuo con Chacarera norte\u00f1a\u201c\u201d lanzada el 8 de abril, y finaliza con la chacarera \u201cAl comp\u00e1s del coyuyo\u201d, disponible desde el 29 de abril<\/p>\n<p>Aqui la entrevista<\/p>\n<p><iframe loading=\"lazy\" title=\"Lucas Novella\" width=\"640\" height=\"360\" src=\"https:\/\/www.youtube.com\/embed\/zoMKWL7JHf0?feature=oembed\" frameborder=\"0\" allow=\"accelerometer; autoplay; clipboard-write; encrypted-media; gyroscope; picture-in-picture; web-share\" referrerpolicy=\"strict-origin-when-cross-origin\" allowfullscreen><\/iframe><\/p>\n<p>Conociendo a Lucas<\/p>\n<p>Naci\u00f3 el 25 de marzo de 1981 en la Ciudad de General Alvear, provincia de Buenos Aires. Adem\u00e1s de cantante es Ingeniero Agr\u00f3nomo, que tuvo un pasaje por la m\u00fasica en la adolescencia, en ese entonces escrib\u00eda recitados teniendo como m\u00e1ximo referente del folklore a Horacio Guarany.<\/p>\n<p>Luego se alej\u00f3 de la m\u00fasica por un tiempo, hasta que se fue a vivir a Ibarreta, provincia de Formosa, donde se reencontr\u00f3 con la guitarra y retomo la composici\u00f3n y el canto.<\/p>\n<p>Pero hubo un momento emotivo que lo volvi\u00f3 acercar a la m\u00fasica, el 13 de enero del 2017, mientras viajaba desde el aeropuerto de Formosa a Ibarreta se entera por radio de la muerte de Horacio Guarany, ah\u00ed sinti\u00f3 la necesidad imperiosa de crear una canci\u00f3n y desde entonces no paro de escribir, componer y de mostrar su m\u00fasica por distintos escenarios del pa\u00eds.<\/p>\n<p>En plena pandemia temiendo que pod\u00eda llegar en fin de sus d\u00edas, decidi\u00f3 grabar un disco para dejar su aporte al cancionero folcl\u00f3rico, entonces en abril del 2021 lanzo su primer disco \u201cGuitarrero y Cantor\u201d, el cual est\u00e1 compuesto de 8 temas, entre los cuales hay dos zambas propias (Guitarrero y Cantor y El estilo), dos chacareras propias (Solo ponte a cantar y Te llevo en mi chacarera) y una canci\u00f3n de su autor\u00eda (Los indispensables).<\/p>\n<p>Tambi\u00e9n forman parte del disco tres cl\u00e1sicos, Punta Cayast\u00e1, El Olvidado y Zamba para decir Adi\u00f3s<\/p>\n","protected":false},"excerpt":{"rendered":"<p>LaRiojaChayera.com.ar en dialogo con el artista Lucas Novella profundizamos sobre lo nuevo de su pr\u00f3ximo&#8230;<\/p>\n","protected":false},"author":1,"featured_media":26198,"comment_status":"closed","ping_status":"closed","sticky":false,"template":"","format":"standard","meta":{"ngg_post_thumbnail":0,"footnotes":""},"categories":[1,9],"tags":[],"_links":{"self":[{"href":"https:\/\/www.matizando.com.ar\/index.php?rest_route=\/wp\/v2\/posts\/26197"}],"collection":[{"href":"https:\/\/www.matizando.com.ar\/index.php?rest_route=\/wp\/v2\/posts"}],"about":[{"href":"https:\/\/www.matizando.com.ar\/index.php?rest_route=\/wp\/v2\/types\/post"}],"author":[{"embeddable":true,"href":"https:\/\/www.matizando.com.ar\/index.php?rest_route=\/wp\/v2\/users\/1"}],"replies":[{"embeddable":true,"href":"https:\/\/www.matizando.com.ar\/index.php?rest_route=%2Fwp%2Fv2%2Fcomments&post=26197"}],"version-history":[{"count":2,"href":"https:\/\/www.matizando.com.ar\/index.php?rest_route=\/wp\/v2\/posts\/26197\/revisions"}],"predecessor-version":[{"id":26200,"href":"https:\/\/www.matizando.com.ar\/index.php?rest_route=\/wp\/v2\/posts\/26197\/revisions\/26200"}],"wp:featuredmedia":[{"embeddable":true,"href":"https:\/\/www.matizando.com.ar\/index.php?rest_route=\/wp\/v2\/media\/26198"}],"wp:attachment":[{"href":"https:\/\/www.matizando.com.ar\/index.php?rest_route=%2Fwp%2Fv2%2Fmedia&parent=26197"}],"wp:term":[{"taxonomy":"category","embeddable":true,"href":"https:\/\/www.matizando.com.ar\/index.php?rest_route=%2Fwp%2Fv2%2Fcategories&post=26197"},{"taxonomy":"post_tag","embeddable":true,"href":"https:\/\/www.matizando.com.ar\/index.php?rest_route=%2Fwp%2Fv2%2Ftags&post=26197"}],"curies":[{"name":"wp","href":"https:\/\/api.w.org\/{rel}","templated":true}]}}