{"id":16564,"date":"2020-04-09T22:17:42","date_gmt":"2020-04-09T22:17:42","guid":{"rendered":"http:\/\/www.matizando.com.ar\/?p=16564"},"modified":"2020-04-09T22:19:51","modified_gmt":"2020-04-09T22:19:51","slug":"india-martinez-la-saeta","status":"publish","type":"post","link":"https:\/\/www.matizando.com.ar\/?p=16564","title":{"rendered":"India Martinez &#8211; La Saeta"},"content":{"rendered":"<p>Jenifer Y\u00e9sica Mart\u00ednez Fern\u00e1ndez, m\u00e1s conocida como India Mart\u00ednez (C\u00f3rdoba, Andaluc\u00eda, 13 de octubre de 1985), estreno su versi\u00f3n de la popular canci\u00f3n religiosa.<\/p>\n<p><!--more--><\/p>\n<p>Ya lo hab\u00eda anunciado en sus redes sociales y este jueves santo la subi\u00f3 a su canal de youtube-<\/p>\n<p>La versi\u00f3n es muy potente y rescata la m\u00edstica del canto popular del Espa\u00f1a.Antes de finalizar el Video se destaca una frase que dice<\/p>\n<p>\u00abEn la vulnerabilidad se haya nuestra fortaleza. Fortaleza que se alimenta del hecho de haber perdido el miedo a sufrir. Rezo a la humanidad, a la madre naturaleza, a la fe de nuestros mayores y a las nuevas generaciones. A todo aquel que se mueve que anda y camina por el mundo haciendo de sus acciones obras\u00bb<\/p>\n<p>Aqui el Video.<\/p>\n<p><iframe loading=\"lazy\" title=\"India Martinez - La Saeta\" width=\"640\" height=\"360\" src=\"https:\/\/www.youtube.com\/embed\/fPDFlxvXXJc?feature=oembed\" frameborder=\"0\" allow=\"accelerometer; autoplay; clipboard-write; encrypted-media; gyroscope; picture-in-picture; web-share\" referrerpolicy=\"strict-origin-when-cross-origin\" allowfullscreen><\/iframe><\/p>\n<p>Costumbre y Origen del canto<\/p>\n<p>La saeta (del lat\u00edn sagitta, \u00abflecha\u00bb) es un canto religioso tradicional interpretado fundamentalmente en las procesiones de Semana Santa en Espa\u00f1a, especialmente en Andaluc\u00eda y algunas zonas de Extremadura, Castilla-La Mancha y Murcia.<\/p>\n<p>Aunque el origen musical de las primitivas saetas es incierto, se les atribuye una ra\u00edz \u00e1rabe relacionado con las llamadas a la oraci\u00f3n de los almu\u00e9danos de las mezquitas andalus\u00edes complementada por cantos jud\u00edos (salmodias sefard\u00edes) y estructuradas por los cantos procesionales cristianos de los misioneros franciscanos en los siglos XVI y XVII, quienes llamaban saetas a \u00ablos avisos y sentencias que en forma de coplillas recitaban o cantaban por las calles en determinados momentos de sus misiones\u00bb. Esta visi\u00f3n del parentesco entre la saeta y determinados cantes religiosos orientales ha sido recalcada por la etnograf\u00eda comparada.2\u200b A principios del siglo XX, la saeta tradicional se transforma hacia la llamada saeta flamenca, un canto a solo muy elaborado y de extrema dificultad interpretativa.3\u200b La edad de oro de la saeta se produce en el primer tercio del siglo XX, tras el cual vino una crisis que no termin\u00f3 hasta la llegada de Caracol y Antonio Mairena. Durante la d\u00e9cada de los ochenta se entr\u00f3 en otra etapa de desconcierto, de la que Mairena comentaba: \u00abSe est\u00e1n perdiendo, se est\u00e1n perdiendo&#8230; Ahora todo el mundo las canta igual\u00bb.2\u200b<\/p>\n<p>Este canto, en su origen, fue un rezo en voz alta dirigido a la Virgen Mar\u00eda o a Jes\u00fas, pidiendo ayuda o alguna gracia. Las saetas flamencas, las m\u00e1s populares actualmente, tienen su origen en el folclore andaluz.-<\/p>\n<hr>\n<p style=\"text-align: center;\">Otra versi\u00f3n<\/p>\n<p>En la Rep\u00fablica Argentina el artista Jairo procedente de la provincia de C\u00f3rdoba &#8211; Argentina, &#8211; como un capricho del destino, teniendo en cuenta que India Mart\u00ednez es originaria de Cordoba, pero del viejo continente &#8211; graba con un estilo latino e impacta en el entorno. Propietario de una excelente voz y gran interprete, Jairo logr\u00f3 en la d\u00e9cada del 80 sorprender a su publico haciendo que cada vez que interpreta la canci\u00f3n, el publico se silencia y hasta llega a las lagrimas. Aqui la versi\u00f3n de Jairo.<\/p>\n<p><iframe loading=\"lazy\" title=\"Jairo - La Saeta\" width=\"640\" height=\"480\" src=\"https:\/\/www.youtube.com\/embed\/QfIq8feY9x8?feature=oembed\" frameborder=\"0\" allow=\"accelerometer; autoplay; clipboard-write; encrypted-media; gyroscope; picture-in-picture; web-share\" referrerpolicy=\"strict-origin-when-cross-origin\" allowfullscreen><\/iframe><\/p>\n<p>Por otro lado el poema de Machado tiene una visi\u00f3n muy personal, de que Machado prefiere al Cristo vivo y no al cristo agonizante.<\/p>\n<p>&nbsp;<\/p>\n<p>&nbsp;<\/p>\n<p>&nbsp;<\/p>\n","protected":false},"excerpt":{"rendered":"<p>Jenifer Y\u00e9sica Mart\u00ednez Fern\u00e1ndez, m\u00e1s conocida como India Mart\u00ednez (C\u00f3rdoba, Andaluc\u00eda, 13 de octubre de&#8230;<\/p>\n","protected":false},"author":1,"featured_media":16565,"comment_status":"closed","ping_status":"closed","sticky":true,"template":"","format":"standard","meta":{"ngg_post_thumbnail":0,"footnotes":""},"categories":[5,1,9],"tags":[],"_links":{"self":[{"href":"https:\/\/www.matizando.com.ar\/index.php?rest_route=\/wp\/v2\/posts\/16564"}],"collection":[{"href":"https:\/\/www.matizando.com.ar\/index.php?rest_route=\/wp\/v2\/posts"}],"about":[{"href":"https:\/\/www.matizando.com.ar\/index.php?rest_route=\/wp\/v2\/types\/post"}],"author":[{"embeddable":true,"href":"https:\/\/www.matizando.com.ar\/index.php?rest_route=\/wp\/v2\/users\/1"}],"replies":[{"embeddable":true,"href":"https:\/\/www.matizando.com.ar\/index.php?rest_route=%2Fwp%2Fv2%2Fcomments&post=16564"}],"version-history":[{"count":2,"href":"https:\/\/www.matizando.com.ar\/index.php?rest_route=\/wp\/v2\/posts\/16564\/revisions"}],"predecessor-version":[{"id":16567,"href":"https:\/\/www.matizando.com.ar\/index.php?rest_route=\/wp\/v2\/posts\/16564\/revisions\/16567"}],"wp:featuredmedia":[{"embeddable":true,"href":"https:\/\/www.matizando.com.ar\/index.php?rest_route=\/wp\/v2\/media\/16565"}],"wp:attachment":[{"href":"https:\/\/www.matizando.com.ar\/index.php?rest_route=%2Fwp%2Fv2%2Fmedia&parent=16564"}],"wp:term":[{"taxonomy":"category","embeddable":true,"href":"https:\/\/www.matizando.com.ar\/index.php?rest_route=%2Fwp%2Fv2%2Fcategories&post=16564"},{"taxonomy":"post_tag","embeddable":true,"href":"https:\/\/www.matizando.com.ar\/index.php?rest_route=%2Fwp%2Fv2%2Ftags&post=16564"}],"curies":[{"name":"wp","href":"https:\/\/api.w.org\/{rel}","templated":true}]}}