{"id":10881,"date":"2019-05-19T18:49:58","date_gmt":"2019-05-19T18:49:58","guid":{"rendered":"http:\/\/www.matizando.com.ar\/?p=10881"},"modified":"2019-05-19T18:49:59","modified_gmt":"2019-05-19T18:49:59","slug":"murio-juan-carlos-banana-mascheroni-la-voz-de-los-del-fuego","status":"publish","type":"post","link":"https:\/\/www.matizando.com.ar\/?p=10881","title":{"rendered":"Murio Juan Carlos Banana Mascheroni, la voz de Los del Fuego"},"content":{"rendered":"\n<p>Juan Carlos\u00a0<em>Banana<\/em>\u00a0Mascheroni, cantante\u00a0de la banda\u00a0Los del Fuego muri\u00f3 esta madrugada\u00a0luego de sufrir una falla card\u00edaca mientras\u00a0realizaba un show en un boliche de Avellaneda <\/p>\n\n\n\n<p>La productora Zelaya, representante de la popular banda santafecina, anunci\u00f3 su muerte en las redes sociales donde public\u00f3 un emotivo mensaje para despedirlo.&nbsp;\u00abTe agradecemos&nbsp;<em>Banana<\/em>&nbsp;querido por la confianza, los a\u00f1os trabajando junto, las giras y los momentos que quedar\u00e1n en nuestros recuerdos. Y a todos tus fans solo agradecerles el apoyo incondicional\u00bb,&nbsp;reza el&nbsp;mensaje.<\/p>\n\n\n\n<p>Adem\u00e1s, distintos artistas del mundo de la m\u00fasica tropical despidieron al cantante. \u00ab\u00a1Buen viaje, pico y pala, fantasma!\u00bb, le escribi\u00f3\u00a0<strong>Pablo Lescano<\/strong>, de\u00a0<strong>Damas Gratis<\/strong>. \u00abQEPD, Banana querido\u00bb, puso\u00a0<strong>Dalila\u00a0<\/strong>en su cuenta de Twitter. El conductor\u00a0<strong>La Tota Santill\u00e1n<\/strong>\u00a0dej\u00f3 una sentidas palabras: \u00abTu m\u00fasica quedar\u00e1 en el coraz\u00f3n de la gente. Fuiste un gran referente de nuestra m\u00fasica\u00bb<\/p>\n\n\n\n<p>La productora Zelaya, representante de la popular banda santafecina, anunci\u00f3 su muerte en las redes sociales donde public\u00f3 un emotivo mensaje para despedirlo.&nbsp;\u00abTe agradecemos&nbsp;<em>Banana<\/em>&nbsp;querido por la confianza, los a\u00f1os trabajando junto, las giras y los momentos que quedar\u00e1n en nuestros recuerdos. Y a todos tus fans solo agradecerles el apoyo incondicional\u00bb,&nbsp;reza el&nbsp;mensaje.<\/p>\n\n\n\n<p>Adem\u00e1s, distintos artistas del mundo de la m\u00fasica tropical despidieron al cantante. \u00ab\u00a1Buen viaje, pico y pala, fantasma!\u00bb, le escribi\u00f3\u00a0<strong>Pablo Lescano<\/strong>, de\u00a0<strong>Damas Gratis<\/strong>. \u00abQEPD, Banana querido\u00bb, puso\u00a0<strong>Dalila\u00a0<\/strong>en su cuenta de Twitter. El conductor\u00a0<strong>La Tota Santill\u00e1n<\/strong>\u00a0dej\u00f3 una sentidas palabras: \u00abTu m\u00fasica quedar\u00e1 en el coraz\u00f3n de la gente. Fuiste un gran referente de nuestra m\u00fasica\u00bb<\/p>\n\n\n\n<figure class=\"wp-block-embed-youtube wp-block-embed is-type-video is-provider-youtube wp-embed-aspect-16-9 wp-has-aspect-ratio\"><div class=\"wp-block-embed__wrapper\">\nhttps:\/\/www.youtube.com\/watch?v=bS_BzHDSZ0E\n<\/div><figcaption>El momento de la ca\u00edda<br><br><br><\/figcaption><\/figure>\n\n\n\n<figure class=\"wp-block-embed-youtube wp-block-embed is-type-video is-provider-youtube wp-embed-aspect-16-9 wp-has-aspect-ratio\"><div class=\"wp-block-embed__wrapper\">\n<iframe loading=\"lazy\" title=\"Los del Fuego - Jurabas tu \/ Mientes \/ Sabes\u2502 VIVO 2019 FULL HD\" width=\"640\" height=\"360\" src=\"https:\/\/www.youtube.com\/embed\/1aW3eBumz5k?feature=oembed\" frameborder=\"0\" allow=\"accelerometer; autoplay; clipboard-write; encrypted-media; gyroscope; picture-in-picture; web-share\" referrerpolicy=\"strict-origin-when-cross-origin\" allowfullscreen><\/iframe>\n<\/div><\/figure>\n","protected":false},"excerpt":{"rendered":"<p>Juan Carlos\u00a0Banana\u00a0Mascheroni, cantante\u00a0de la banda\u00a0Los del Fuego muri\u00f3 esta madrugada\u00a0luego de sufrir una falla card\u00edaca&#8230;<\/p>\n","protected":false},"author":1,"featured_media":10882,"comment_status":"closed","ping_status":"closed","sticky":true,"template":"","format":"standard","meta":{"ngg_post_thumbnail":0,"footnotes":""},"categories":[1,9],"tags":[],"_links":{"self":[{"href":"https:\/\/www.matizando.com.ar\/index.php?rest_route=\/wp\/v2\/posts\/10881"}],"collection":[{"href":"https:\/\/www.matizando.com.ar\/index.php?rest_route=\/wp\/v2\/posts"}],"about":[{"href":"https:\/\/www.matizando.com.ar\/index.php?rest_route=\/wp\/v2\/types\/post"}],"author":[{"embeddable":true,"href":"https:\/\/www.matizando.com.ar\/index.php?rest_route=\/wp\/v2\/users\/1"}],"replies":[{"embeddable":true,"href":"https:\/\/www.matizando.com.ar\/index.php?rest_route=%2Fwp%2Fv2%2Fcomments&post=10881"}],"version-history":[{"count":1,"href":"https:\/\/www.matizando.com.ar\/index.php?rest_route=\/wp\/v2\/posts\/10881\/revisions"}],"predecessor-version":[{"id":10883,"href":"https:\/\/www.matizando.com.ar\/index.php?rest_route=\/wp\/v2\/posts\/10881\/revisions\/10883"}],"wp:featuredmedia":[{"embeddable":true,"href":"https:\/\/www.matizando.com.ar\/index.php?rest_route=\/wp\/v2\/media\/10882"}],"wp:attachment":[{"href":"https:\/\/www.matizando.com.ar\/index.php?rest_route=%2Fwp%2Fv2%2Fmedia&parent=10881"}],"wp:term":[{"taxonomy":"category","embeddable":true,"href":"https:\/\/www.matizando.com.ar\/index.php?rest_route=%2Fwp%2Fv2%2Fcategories&post=10881"},{"taxonomy":"post_tag","embeddable":true,"href":"https:\/\/www.matizando.com.ar\/index.php?rest_route=%2Fwp%2Fv2%2Ftags&post=10881"}],"curies":[{"name":"wp","href":"https:\/\/api.w.org\/{rel}","templated":true}]}}